{"id":3567,"date":"2012-10-27T00:43:53","date_gmt":"2012-10-27T00:43:53","guid":{"rendered":"http:\/\/www.televisionalternativa.es\/000\/?p=3567"},"modified":"2014-03-29T14:19:18","modified_gmt":"2014-03-29T14:19:18","slug":"pasajero-debutaran-en-noviembre-con-radiografias","status":"publish","type":"post","link":"https:\/\/www.televisionalternativa.es\/000\/?p=3567","title":{"rendered":"PASAJERO debutar\u00e1n en noviembre con \u00abRADIOGRAF\u00cdAS\u00bb"},"content":{"rendered":"<p>El pr\u00f3ximo mes de noviembre ver\u00e1 la luz en Ernie Records Radiograf\u00edas, el debut en formato largo de PASAJERO, la banda madrile\u00f1a formada por Daniel Arias (Zoo, Nuevenoventaicinco), Josechu G\u00f3mez (Zoo, Nudozurdo), Eduardo Mart\u00edn (Gizmo) y Eduardo R. Paynter (La Casa del \u00c1rbol). <\/p>\n<p>Radiograf\u00edas, producido por Manuel Cabelaz\u00ed (Havalina) en los estudios El Lado Izquierdo de Danny Richter, cuenta con las colaboraciones de \u00c1lex Ferreira, Jorge Gonz\u00e1lez (Vetusta Morla), Nah\u00fam Garc\u00eda (Clint), Javier Couceiro (Havalina) y el propio Cabezal\u00ed.<\/p>\n<p><iframe loading=\"lazy\" width=\"640\" height=\"360\" src=\"http:\/\/www.youtube.com\/embed\/B43Ma-pnz-Q?list=UUQjmGe1jn5ZXOCy27V_4MOQ&amp;hl=es_ES\" frameborder=\"0\" allowfullscreen><\/iframe><\/p>\n","protected":false},"excerpt":{"rendered":"El pr\u00f3ximo mes de noviembre ver\u00e1 la luz en Ernie Records Radiograf\u00edas, el debut en formato largo de PASAJERO, la banda madrile\u00f1a formada \n<a class=\"moretag\" href=\"https:\/\/www.televisionalternativa.es\/000\/?p=3567\"> [...]<\/a>","protected":false},"author":14,"featured_media":3568,"comment_status":"closed","ping_status":"closed","sticky":false,"template":"","format":"standard","meta":{"footnotes":""},"categories":[3,71],"tags":[326,564,563,111,68,327,113],"class_list":["post-3567","post","type-post","status-publish","format-standard","has-post-thumbnail","hentry","category-blog","category-musica","tag-alternativa","tag-canciones","tag-disco","tag-musica-2","tag-noticias","tag-television-2","tag-videoclip"],"_links":{"self":[{"href":"https:\/\/www.televisionalternativa.es\/000\/index.php?rest_route=\/wp\/v2\/posts\/3567","targetHints":{"allow":["GET"]}}],"collection":[{"href":"https:\/\/www.televisionalternativa.es\/000\/index.php?rest_route=\/wp\/v2\/posts"}],"about":[{"href":"https:\/\/www.televisionalternativa.es\/000\/index.php?rest_route=\/wp\/v2\/types\/post"}],"author":[{"embeddable":true,"href":"https:\/\/www.televisionalternativa.es\/000\/index.php?rest_route=\/wp\/v2\/users\/14"}],"replies":[{"embeddable":true,"href":"https:\/\/www.televisionalternativa.es\/000\/index.php?rest_route=%2Fwp%2Fv2%2Fcomments&post=3567"}],"version-history":[{"count":5,"href":"https:\/\/www.televisionalternativa.es\/000\/index.php?rest_route=\/wp\/v2\/posts\/3567\/revisions"}],"predecessor-version":[{"id":5568,"href":"https:\/\/www.televisionalternativa.es\/000\/index.php?rest_route=\/wp\/v2\/posts\/3567\/revisions\/5568"}],"wp:featuredmedia":[{"embeddable":true,"href":"https:\/\/www.televisionalternativa.es\/000\/index.php?rest_route=\/wp\/v2\/media\/3568"}],"wp:attachment":[{"href":"https:\/\/www.televisionalternativa.es\/000\/index.php?rest_route=%2Fwp%2Fv2%2Fmedia&parent=3567"}],"wp:term":[{"taxonomy":"category","embeddable":true,"href":"https:\/\/www.televisionalternativa.es\/000\/index.php?rest_route=%2Fwp%2Fv2%2Fcategories&post=3567"},{"taxonomy":"post_tag","embeddable":true,"href":"https:\/\/www.televisionalternativa.es\/000\/index.php?rest_route=%2Fwp%2Fv2%2Ftags&post=3567"}],"curies":[{"name":"wp","href":"https:\/\/api.w.org\/{rel}","templated":true}]}}