{"id":3558,"date":"2012-10-27T00:30:26","date_gmt":"2012-10-27T00:30:26","guid":{"rendered":"http:\/\/www.televisionalternativa.es\/000\/?p=3558"},"modified":"2014-03-29T14:19:19","modified_gmt":"2014-03-29T14:19:19","slug":"ninos-mutantes","status":"publish","type":"post","link":"https:\/\/www.televisionalternativa.es\/000\/?p=3558","title":{"rendered":"NI\u00d1OS MUTANTES"},"content":{"rendered":"<p>Las noticias se acumulan para NI\u00d1OS MUTANTES. Al estreno del videoclip de \u201cN\u00e1ufragos\u201d, realizado por Alexis Morante, en el que homenajean a los festivales de verano, se une su reciente premio Pop-Eye al mejor \u00e1lbum nacional del a\u00f1o por N\u00e1ufragos. Coincidiendo con estas buenas noticias, han ampliado las fechas de su gira para los pr\u00f3ximos meses.<\/p>\n<p><object width=\"640\" height=\"360\"><param name=\"movie\" value=\"http:\/\/www.youtube.com\/v\/9oOuJ0wHlCQ?version=3&amp;hl=es_ES\"><\/param><param name=\"allowFullScreen\" value=\"true\"><\/param><param name=\"allowscriptaccess\" value=\"always\"><\/param><embed src=\"http:\/\/www.youtube.com\/v\/9oOuJ0wHlCQ?version=3&amp;hl=es_ES\" type=\"application\/x-shockwave-flash\" width=\"640\" height=\"360\" allowscriptaccess=\"always\" allowfullscreen=\"true\"><\/embed><\/object><\/p>\n<p><strong>Conciertos:<\/strong><\/p>\n<p>Viernes, 26 de octubre: Albacete (Sala Baob\u00e1)<\/p>\n<p>S\u00e1bado, 27 de octubre: Valencia (Teatro Rambleta) <\/p>\n<p>S\u00e1bado, 17 de noviembre: Palma de Mallorca (Sala Cultura Club)<\/p>\n<p>Viernes, 23 de noviembre: Getafe (Teatro Federico Garc\u00eda Lorca)<\/p>\n<p>S\u00e1bado, 24 de noviembre: Segovia (Festival WIC)<\/p>\n<p>Jueves, 29 de noviembre: Burgos (Sala El Hangar)<\/p>\n<p>Viernes, 30 de noviembre: Valladolid (Sala Bit\u00e1cora)<\/p>\n<p>Viernes, 28 de diciembre: Huesca (Sala El Veintiuno )<\/p>\n<p>S\u00e1bado, 29 de diciembre: Logro\u00f1o (Festival Alternative)<\/p>\n<p>S\u00e1bado, 19 de enero: Granada (Ciclo Caleidoscopio)<\/p>\n<p>S\u00e1bado, 2 de febrero: C\u00e1diz (Sala Supersonic)<\/p>\n","protected":false},"excerpt":{"rendered":"Las noticias se acumulan para NI\u00d1OS MUTANTES. Al estreno del videoclip de \u201cN\u00e1ufragos\u201d, realizado por Alexis Morante, en el que homenajean a los \n<a class=\"moretag\" href=\"https:\/\/www.televisionalternativa.es\/000\/?p=3558\"> [...]<\/a>","protected":false},"author":14,"featured_media":3559,"comment_status":"closed","ping_status":"closed","sticky":false,"template":"","format":"standard","meta":{"footnotes":""},"categories":[3,71],"tags":[326,312,111,327],"class_list":["post-3558","post","type-post","status-publish","format-standard","has-post-thumbnail","hentry","category-blog","category-musica","tag-alternativa","tag-conciertos","tag-musica-2","tag-television-2"],"_links":{"self":[{"href":"https:\/\/www.televisionalternativa.es\/000\/index.php?rest_route=\/wp\/v2\/posts\/3558","targetHints":{"allow":["GET"]}}],"collection":[{"href":"https:\/\/www.televisionalternativa.es\/000\/index.php?rest_route=\/wp\/v2\/posts"}],"about":[{"href":"https:\/\/www.televisionalternativa.es\/000\/index.php?rest_route=\/wp\/v2\/types\/post"}],"author":[{"embeddable":true,"href":"https:\/\/www.televisionalternativa.es\/000\/index.php?rest_route=\/wp\/v2\/users\/14"}],"replies":[{"embeddable":true,"href":"https:\/\/www.televisionalternativa.es\/000\/index.php?rest_route=%2Fwp%2Fv2%2Fcomments&post=3558"}],"version-history":[{"count":5,"href":"https:\/\/www.televisionalternativa.es\/000\/index.php?rest_route=\/wp\/v2\/posts\/3558\/revisions"}],"predecessor-version":[{"id":5570,"href":"https:\/\/www.televisionalternativa.es\/000\/index.php?rest_route=\/wp\/v2\/posts\/3558\/revisions\/5570"}],"wp:featuredmedia":[{"embeddable":true,"href":"https:\/\/www.televisionalternativa.es\/000\/index.php?rest_route=\/wp\/v2\/media\/3559"}],"wp:attachment":[{"href":"https:\/\/www.televisionalternativa.es\/000\/index.php?rest_route=%2Fwp%2Fv2%2Fmedia&parent=3558"}],"wp:term":[{"taxonomy":"category","embeddable":true,"href":"https:\/\/www.televisionalternativa.es\/000\/index.php?rest_route=%2Fwp%2Fv2%2Fcategories&post=3558"},{"taxonomy":"post_tag","embeddable":true,"href":"https:\/\/www.televisionalternativa.es\/000\/index.php?rest_route=%2Fwp%2Fv2%2Ftags&post=3558"}],"curies":[{"name":"wp","href":"https:\/\/api.w.org\/{rel}","templated":true}]}}