{"id":3468,"date":"2012-10-03T13:08:52","date_gmt":"2012-10-03T13:08:52","guid":{"rendered":"http:\/\/www.televisionalternativa.es\/000\/?p=3468"},"modified":"2014-03-29T14:19:21","modified_gmt":"2014-03-29T14:19:21","slug":"japan-weekend-madrid-2012-un-paseo-por-un-mundo-alternativo","status":"publish","type":"post","link":"https:\/\/www.televisionalternativa.es\/000\/?p=3468","title":{"rendered":"JAPAN WEEKEND Madrid 2012 Un paseo por un mundo alternativo"},"content":{"rendered":"<p><object width=\"640\" height=\"360\"><param name=\"movie\" value=\"http:\/\/www.youtube.com\/v\/P_SYa57PPXI&#038;autoplay=1?version=3&amp;hl=es_ES\"><\/param><param name=\"allowFullScreen\" value=\"true\"><\/param><param name=\"allowscriptaccess\" value=\"always\"><\/param><embed src=\"http:\/\/www.youtube.com\/v\/P_SYa57PPXI&#038;autoplay=1?version=3&amp;hl=es_ES\" type=\"application\/x-shockwave-flash\" width=\"640\" height=\"360\" allowscriptaccess=\"always\" allowfullscreen=\"true\"><\/embed><\/object><\/p>\n<p>Paseo por la Japan Weekend que se celebr\u00f3 en Madrid el 22 y 23 de septiembre de 2012.<\/p>\n<p>En \u00e9sta ocasi\u00f3n pudimos ver el gran ambiente del evento.<\/p>\n<p>Hubo gran afluencia de p\u00fablico con muchas ganas de divertirse , disfrazarse y compartir buenos momentos.<\/p>\n","protected":false},"excerpt":{"rendered":"Paseo por la Japan Weekend que se celebr\u00f3 en Madrid el 22 y 23 de septiembre de 2012. En \u00e9sta ocasi\u00f3n pudimos ver \n<a class=\"moretag\" href=\"https:\/\/www.televisionalternativa.es\/000\/?p=3468\"> [...]<\/a>","protected":false},"author":14,"featured_media":3469,"comment_status":"closed","ping_status":"closed","sticky":false,"template":"","format":"standard","meta":{"footnotes":""},"categories":[3,257],"tags":[524,529,326,504,514,513,403,515,528,527,530,497,82,516,525,526,327,498],"class_list":["post-3468","post","type-post","status-publish","format-standard","has-post-thumbnail","hentry","category-blog","category-eventos","tag-flash-mob","tag-529","tag-alternativa","tag-cificom","tag-congreso","tag-convencion","tag-cosplay","tag-eventos-3","tag-flashmob","tag-gangnam","tag-gyaru","tag-japan","tag-madrid","tag-merchandasing","tag-project","tag-style","tag-television-2","tag-weekend"],"_links":{"self":[{"href":"https:\/\/www.televisionalternativa.es\/000\/index.php?rest_route=\/wp\/v2\/posts\/3468","targetHints":{"allow":["GET"]}}],"collection":[{"href":"https:\/\/www.televisionalternativa.es\/000\/index.php?rest_route=\/wp\/v2\/posts"}],"about":[{"href":"https:\/\/www.televisionalternativa.es\/000\/index.php?rest_route=\/wp\/v2\/types\/post"}],"author":[{"embeddable":true,"href":"https:\/\/www.televisionalternativa.es\/000\/index.php?rest_route=\/wp\/v2\/users\/14"}],"replies":[{"embeddable":true,"href":"https:\/\/www.televisionalternativa.es\/000\/index.php?rest_route=%2Fwp%2Fv2%2Fcomments&post=3468"}],"version-history":[{"count":6,"href":"https:\/\/www.televisionalternativa.es\/000\/index.php?rest_route=\/wp\/v2\/posts\/3468\/revisions"}],"predecessor-version":[{"id":5583,"href":"https:\/\/www.televisionalternativa.es\/000\/index.php?rest_route=\/wp\/v2\/posts\/3468\/revisions\/5583"}],"wp:featuredmedia":[{"embeddable":true,"href":"https:\/\/www.televisionalternativa.es\/000\/index.php?rest_route=\/wp\/v2\/media\/3469"}],"wp:attachment":[{"href":"https:\/\/www.televisionalternativa.es\/000\/index.php?rest_route=%2Fwp%2Fv2%2Fmedia&parent=3468"}],"wp:term":[{"taxonomy":"category","embeddable":true,"href":"https:\/\/www.televisionalternativa.es\/000\/index.php?rest_route=%2Fwp%2Fv2%2Fcategories&post=3468"},{"taxonomy":"post_tag","embeddable":true,"href":"https:\/\/www.televisionalternativa.es\/000\/index.php?rest_route=%2Fwp%2Fv2%2Ftags&post=3468"}],"curies":[{"name":"wp","href":"https:\/\/api.w.org\/{rel}","templated":true}]}}