{"id":3459,"date":"2012-09-29T12:01:06","date_gmt":"2012-09-29T12:01:06","guid":{"rendered":"http:\/\/www.televisionalternativa.es\/000\/?p=3459"},"modified":"2014-03-29T14:19:22","modified_gmt":"2014-03-29T14:19:22","slug":"japan-weekend-2012-gyaru-project-flashmob-gangnam-style-part-1st","status":"publish","type":"post","link":"https:\/\/www.televisionalternativa.es\/000\/?p=3459","title":{"rendered":"JAPAN WEEKEND 2012  &#8211; Gyaru Project &#8211; Flashmob Gangnam Style &#8211; PART 1st"},"content":{"rendered":"<p><object width=\"640\" height=\"360\"><param name=\"movie\" value=\"http:\/\/www.youtube.com\/v\/DaYDTgiy2zY&#038;autoplay=1?version=3&amp;hl=es_ES\"><\/param><param name=\"allowFullScreen\" value=\"true\"><\/param><param name=\"allowscriptaccess\" value=\"always\"><\/param><embed src=\"http:\/\/www.youtube.com\/v\/DaYDTgiy2zY&#038;autoplay=1?version=3&amp;hl=es_ES\" type=\"application\/x-shockwave-flash\" width=\"640\" height=\"360\" allowscriptaccess=\"always\" allowfullscreen=\"true\"><\/embed><\/object><\/p>\n<p>Paseo por la Japan Weekend que se celebr\u00f3 en Madrid el 22 y 23 de septiembre de 2012.<\/p>\n<p>En \u00e9sta ocasi\u00f3n pudimos conocer a los chicos de Gyaru Project  que pusieron guapos al estilo Gyaru a todo el que se acerc\u00f3 a su stand, no perdais la ocasi\u00f3n de conocer su trabajo y su simpatia . <\/p>\n<p>Vimos Tambi\u00e9n como Psy y su Gangnam Style reinaba por todo el recinto, con multiples Flashmobs.<\/p>\n<p>Hubo gran afluencia de p\u00fablico con muchas ganas de divertirse , disfrazarse y compartir buenos momentos.<\/p>\n","protected":false},"excerpt":{"rendered":"Paseo por la Japan Weekend que se celebr\u00f3 en Madrid el 22 y 23 de septiembre de 2012. En \u00e9sta ocasi\u00f3n pudimos conocer \n<a class=\"moretag\" href=\"https:\/\/www.televisionalternativa.es\/000\/?p=3459\"> [...]<\/a>","protected":false},"author":14,"featured_media":3460,"comment_status":"closed","ping_status":"closed","sticky":false,"template":"","format":"standard","meta":{"footnotes":""},"categories":[3,257],"tags":[524,529,326,504,514,513,403,515,528,527,530,497,82,516,525,526,327,498],"class_list":["post-3459","post","type-post","status-publish","format-standard","has-post-thumbnail","hentry","category-blog","category-eventos","tag-flash-mob","tag-529","tag-alternativa","tag-cificom","tag-congreso","tag-convencion","tag-cosplay","tag-eventos-3","tag-flashmob","tag-gangnam","tag-gyaru","tag-japan","tag-madrid","tag-merchandasing","tag-project","tag-style","tag-television-2","tag-weekend"],"_links":{"self":[{"href":"https:\/\/www.televisionalternativa.es\/000\/index.php?rest_route=\/wp\/v2\/posts\/3459","targetHints":{"allow":["GET"]}}],"collection":[{"href":"https:\/\/www.televisionalternativa.es\/000\/index.php?rest_route=\/wp\/v2\/posts"}],"about":[{"href":"https:\/\/www.televisionalternativa.es\/000\/index.php?rest_route=\/wp\/v2\/types\/post"}],"author":[{"embeddable":true,"href":"https:\/\/www.televisionalternativa.es\/000\/index.php?rest_route=\/wp\/v2\/users\/14"}],"replies":[{"embeddable":true,"href":"https:\/\/www.televisionalternativa.es\/000\/index.php?rest_route=%2Fwp%2Fv2%2Fcomments&post=3459"}],"version-history":[{"count":5,"href":"https:\/\/www.televisionalternativa.es\/000\/index.php?rest_route=\/wp\/v2\/posts\/3459\/revisions"}],"predecessor-version":[{"id":5585,"href":"https:\/\/www.televisionalternativa.es\/000\/index.php?rest_route=\/wp\/v2\/posts\/3459\/revisions\/5585"}],"wp:featuredmedia":[{"embeddable":true,"href":"https:\/\/www.televisionalternativa.es\/000\/index.php?rest_route=\/wp\/v2\/media\/3460"}],"wp:attachment":[{"href":"https:\/\/www.televisionalternativa.es\/000\/index.php?rest_route=%2Fwp%2Fv2%2Fmedia&parent=3459"}],"wp:term":[{"taxonomy":"category","embeddable":true,"href":"https:\/\/www.televisionalternativa.es\/000\/index.php?rest_route=%2Fwp%2Fv2%2Fcategories&post=3459"},{"taxonomy":"post_tag","embeddable":true,"href":"https:\/\/www.televisionalternativa.es\/000\/index.php?rest_route=%2Fwp%2Fv2%2Ftags&post=3459"}],"curies":[{"name":"wp","href":"https:\/\/api.w.org\/{rel}","templated":true}]}}