{"id":3363,"date":"2012-09-20T22:19:15","date_gmt":"2012-09-20T22:19:15","guid":{"rendered":"http:\/\/www.televisionalternativa.es\/000\/?p=3363"},"modified":"2014-03-29T14:19:25","modified_gmt":"2014-03-29T14:19:25","slug":"pauu24-se-proclama-campeon-de-la-final-mundial-de-pes-2012","status":"publish","type":"post","link":"https:\/\/www.televisionalternativa.es\/000\/?p=3363","title":{"rendered":"\u00abPaUU24\u00bb se proclama Campe\u00f3n de la Final Mundial de PES 2012"},"content":{"rendered":"<p>Espa\u00f1a consigue el t\u00edtulo de Mejor Jugador Mundial de PES 2012 en la Competici\u00f3n anual.<\/p>\n<p>&nbsp;<\/p>\n<p>Pau<strong> \u00abPaUU_24\u00bb<\/strong> Lara sali\u00f3 triunfante de la dura competici\u00f3n en la Final Mundial de PES 2012, y sali\u00f3 coronado como Campe\u00f3n del Mundo en el evento de este a\u00f1o, que se celebr\u00f3 en el Estadio Santiago Bernab\u00e9u.<\/p>\n<p>&nbsp;<\/p>\n<p>El joven espa\u00f1ol de 16 a\u00f1os derrot\u00f3 al israel\u00ed Ron \u00ab<strong>Strikel\u00bb<\/strong> en una tensa final donde el espa\u00f1ol se hizo con el t\u00edtulo por tan solo un gol de diferencia. La Final Mundial tuvo lugar el pasado 14 de Septiembre y congreg\u00f3 a los 38 mejores jugadores del mundo de PES 2012 en una eliminatoria celebrada en el Palco Presidencial del Santiago Bernab\u00e9u. El torneo comenz\u00f3 con una fase de grupos, para llegar a la fase de eliminatoria a un partido.<\/p>\n<p>&nbsp;<\/p>\n<p>Los apasionantes partidos de 10 minutos fueron protagonizados por participantes procedentes de Europa, Jap\u00f3n y Am\u00e9rica. <strong>Pau<\/strong> comenz\u00f3 su camino hacia el t\u00edtulo r\u00e1pidamente tras vencer en la fase de grupos a los participantes procedentes de Jap\u00f3n, Grecia y Suecia para enfrentarse en la fase eliminatorio al representante de Rusia, alcanzando as\u00ed la Final. Mientras tanto, <strong>Ron <\/strong>venci\u00f3 a los representantes de Alemania, Francia, Reino Unido y Paraguay para alcanzar la Final. El ganador fue premiado con el Trofeo de Campe\u00f3n del Mundo de PES adem\u00e1s de una equipaci\u00f3n del Real Madrid firmada por Cristiano Ronaldo, portada del pr\u00f3ximo PES 2013, al igual que el finalista. Recibieron los premios de manos de Naoya Hatsumi Productor del juego y John Murphy PES Team Leader Europeo.<\/p>\n<p>&nbsp;<\/p>\n<p>\u201cLa Final Mundial de PES 2012 es la clausura perfecta a la incre\u00edble temporada de <strong>PES 2012<\/strong>, con Pau proclam\u00e1ndose como merecido vencedor,\u201d coment\u00f3 <strong>Shinji Hirano<\/strong> <strong>Presidente de Konami Digital Entertainment GmbH<\/strong>. \u201cEl Santiago Bernab\u00e9u ha acogido partidos que han llenado p\u00e1ginas de oro en la historia del futbol mundial, y felicitamos a Pau Lara por su victoria y agradecemos a todos los que hayan asistido al evento por haber contribuido en esta excitante competici\u00f3n.\u201d<\/p>\n","protected":false},"excerpt":{"rendered":"Espa\u00f1a consigue el t\u00edtulo de Mejor Jugador Mundial de PES 2012 en la Competici\u00f3n anual. &nbsp; Pau \u00abPaUU_24\u00bb Lara sali\u00f3 triunfante de la \n<a class=\"moretag\" href=\"https:\/\/www.televisionalternativa.es\/000\/?p=3363\"> [...]<\/a>","protected":false},"author":14,"featured_media":3364,"comment_status":"closed","ping_status":"closed","sticky":false,"template":"","format":"standard","meta":{"footnotes":""},"categories":[3,126],"tags":[326,174,209,208,297,85,166,243,248,212,169,224,327,164,247,214],"class_list":["post-3363","post","type-post","status-publish","format-standard","has-post-thumbnail","hentry","category-blog","category-vj","tag-alternativa","tag-consolas","tag-gamer","tag-games","tag-gaming","tag-internet","tag-juegos","tag-kinect","tag-online","tag-pc","tag-playstation","tag-ps3","tag-television-2","tag-videojuegos-3","tag-vita","tag-xbox-360"],"_links":{"self":[{"href":"https:\/\/www.televisionalternativa.es\/000\/index.php?rest_route=\/wp\/v2\/posts\/3363","targetHints":{"allow":["GET"]}}],"collection":[{"href":"https:\/\/www.televisionalternativa.es\/000\/index.php?rest_route=\/wp\/v2\/posts"}],"about":[{"href":"https:\/\/www.televisionalternativa.es\/000\/index.php?rest_route=\/wp\/v2\/types\/post"}],"author":[{"embeddable":true,"href":"https:\/\/www.televisionalternativa.es\/000\/index.php?rest_route=\/wp\/v2\/users\/14"}],"replies":[{"embeddable":true,"href":"https:\/\/www.televisionalternativa.es\/000\/index.php?rest_route=%2Fwp%2Fv2%2Fcomments&post=3363"}],"version-history":[{"count":5,"href":"https:\/\/www.televisionalternativa.es\/000\/index.php?rest_route=\/wp\/v2\/posts\/3363\/revisions"}],"predecessor-version":[{"id":5596,"href":"https:\/\/www.televisionalternativa.es\/000\/index.php?rest_route=\/wp\/v2\/posts\/3363\/revisions\/5596"}],"wp:featuredmedia":[{"embeddable":true,"href":"https:\/\/www.televisionalternativa.es\/000\/index.php?rest_route=\/wp\/v2\/media\/3364"}],"wp:attachment":[{"href":"https:\/\/www.televisionalternativa.es\/000\/index.php?rest_route=%2Fwp%2Fv2%2Fmedia&parent=3363"}],"wp:term":[{"taxonomy":"category","embeddable":true,"href":"https:\/\/www.televisionalternativa.es\/000\/index.php?rest_route=%2Fwp%2Fv2%2Fcategories&post=3363"},{"taxonomy":"post_tag","embeddable":true,"href":"https:\/\/www.televisionalternativa.es\/000\/index.php?rest_route=%2Fwp%2Fv2%2Ftags&post=3363"}],"curies":[{"name":"wp","href":"https:\/\/api.w.org\/{rel}","templated":true}]}}