{"id":3219,"date":"2012-09-16T22:22:24","date_gmt":"2012-09-16T22:22:24","guid":{"rendered":"http:\/\/www.televisionalternativa.es\/000\/?p=3219"},"modified":"2014-03-29T14:19:28","modified_gmt":"2014-03-29T14:19:28","slug":"cificom-madrid-2012-22-y-23-de-septiembre","status":"publish","type":"post","link":"https:\/\/www.televisionalternativa.es\/000\/?p=3219","title":{"rendered":"CIFICOM MADRID 2012 , 22 y 23 de Septiembre"},"content":{"rendered":"<p><strong>\u00bfQue es el CIFICOM?<\/strong><br \/>\nEs el evento dedicado al mundo del cine, ficcion, coleccionismo y merchandasing, y todos los aspectos que los rodean. Exposiciones, actividades, eventos, conferencias, mesas redondas, talleres, concursos, dedicados a este mundo con personajes que aparecen en miticas peliculas y series de TV.<\/p>\n<p><span style=\"font-family: Verdana,sans-serif;\"><span style=\"font-size: x-small;\">El pabell\u00f3n de la Pipa en el recinto ferial Casa de Campo en Madrid, acoger\u00e1 por segundo a\u00f1o consecutivo el 2<\/span><\/span><span style=\"font-family: Verdana,sans-serif;\"><span style=\"font-size: x-small;\"><strong>\u00ba Sal\u00f3n de Cine, Ficci\u00f3n<\/strong><\/span><\/span><span style=\"font-family: Verdana,sans-serif;\"><span style=\"font-size: x-small;\">, Y<\/span><\/span><strong><span style=\"font-family: Verdana,sans-serif;\"><span style=\"font-size: x-small;\"> C<\/span><\/span><\/strong><span style=\"font-family: Verdana,sans-serif;\"><span style=\"font-size: x-small;\"><strong>oleccionismo de Espa\u00f1a: CIFICOM MADRID 2012<\/strong><\/span><\/span><\/p>\n<p>&nbsp;<\/p>\n<p><span style=\"font-family: Verdana,sans-serif;\"><span style=\"font-size: x-small;\">Y Contar\u00e1 con invitados especiales como:<\/span><\/span><\/p>\n<p>&nbsp;<\/p>\n<p><span style=\"font-family: Verdana,sans-serif;\"><span style=\"font-size: x-small;\"><strong>Kenny <\/strong><\/span><\/span><span style=\"font-family: Verdana,sans-serif;\"><span style=\"font-size: x-small;\">Baker(Star Wars,<\/span><\/span><span style=\"color: #333333;\"><span style=\"font-family: Tahoma,sans-serif;\"><span style=\"font-size: x-small;\"> Flash Gordon, Los H\u00e9roes del Tiempo, Cristal Oscuro, Las Cr\u00f3nicas de Narnia, o Willow ) <\/span><\/span><\/span><span style=\"font-family: Verdana,sans-serif;\"><span style=\"font-size: x-small;\"><strong>Mike Edmonds<\/strong><\/span><\/span><span style=\"font-family: Verdana,sans-serif;\"><span style=\"font-size: x-small;\">(Star Wars, Harry Potter, Las Cronicas de Narnia entre otras)<\/span><\/span><span style=\"color: #000000;\"><span style=\"font-family: Verdana,sans-serif;\"><span style=\"font-size: x-small;\"><strong>Brian Muir<\/strong><\/span><\/span><\/span><span style=\"color: #000000;\"><span style=\"font-family: Verdana,sans-serif;\"><span style=\"font-size: x-small;\">(Star Wars, Indiana Jones, Alien, Willow&#8230;)<\/span><\/span><\/span><strong><span style=\"font-family: Verdana,sans-serif;\"><span style=\"font-size: x-small;\">Jos\u00e9 Mediavilla<\/span><\/span><\/strong><strong><span style=\"font-family: Verdana,sans-serif;\"><span style=\"font-size: x-small;\">(Actor de Doblaje oficial de Morgan Freeman y Ian Mc Kellen)<\/span><\/span><\/strong><strong><\/strong><span style=\"color: #000000;\"><span style=\"font-family: Verdana,sans-serif;\"><span style=\"font-size: x-small;\"><strong>Guillermo Cambra<\/strong><\/span><\/span><\/span><span style=\"color: #000000;\"><span style=\"font-family: Verdana,sans-serif;\"><span style=\"font-size: x-small;\">(Alonso en \u00c1guila Roja)<\/span><\/span><\/span><span style=\"font-family: Verdana,sans-serif;\"><span style=\"font-size: x-small;\"><strong> Jas\u00f3n Matilla <\/strong><\/span><\/span><span style=\"font-family: Verdana,sans-serif;\"><span style=\"font-size: x-small;\">(El secreto de Puente Viejo, La Lola, Fisica o Quimica, <\/span><\/span><span style=\"font-family: Verdana,sans-serif;\"><span style=\"font-size: x-small;\">Sin tetas no hay para\u00edso)<\/span><\/span><span style=\"color: #000000;\"><span style=\"font-family: Verdana,sans-serif;\"><span style=\"font-size: x-small;\"><strong>Jos\u00e9 \u00c1ngel Trigo <\/strong><\/span><\/span><\/span><span style=\"color: #000000;\"><span style=\"font-family: Verdana,sans-serif;\"><span style=\"font-size: x-small;\">(El Internado, Carmina, Amar en tiempos revueltos&#8230;)<\/span><\/span><\/span><strong><\/strong><span style=\"color: #000000;\"><span style=\"font-family: Verdana,sans-serif;\"><span style=\"font-size: x-small;\"><strong>Olga Alam\u00e1n <\/strong><\/span><\/span><\/span><span style=\"color: #000000;\"><span style=\"font-family: Verdana,sans-serif;\"><span style=\"font-size: x-small;\">(<\/span><\/span><\/span><span style=\"font-family: Verdana,sans-serif;\"><span style=\"font-size: x-small;\">Hospital Central, El Comisario , Amar en Tiempos Revueltos o L&#8217;Alqueria Blanca(Canal9)<\/span><\/span><span style=\"font-family: Verdana,sans-serif;\"><span style=\"font-size: x-small;\"><strong>Carla Campra<\/strong><\/span><\/span><span style=\"font-family: Verdana,sans-serif;\"><span style=\"font-size: x-small;\"><strong>, <\/strong><\/span><\/span><span style=\"color: #000000;\"><span style=\"font-family: Verdana,sans-serif;\"><span style=\"font-size: x-small;\"><strong>Daniel Avil\u00e9s<\/strong><\/span><\/span><\/span><span style=\"font-family: Verdana,sans-serif;\"><span style=\"font-size: x-small;\">(Los Protegidos)<\/span><\/span><span style=\"font-family: Verdana,sans-serif;\"><span style=\"font-size: x-small;\"><strong> Javier Botet<\/strong><\/span><\/span><span style=\"font-family: Verdana,sans-serif;\"><span style=\"font-size: x-small;\">(Rec, [Rec]2)<\/span><\/span><span style=\"font-family: Verdana,sans-serif;\"><span style=\"font-size: x-small;\"><strong> Diego Arjona <\/strong><\/span><\/span><span style=\"font-family: Verdana,sans-serif;\"><span style=\"font-size: x-small;\">(el Club del Chiste)<\/span><\/span><\/p>\n<p>&nbsp;<\/p>\n<p><span style=\"font-family: Verdana,sans-serif;\"><span style=\"font-size: x-small;\">Este a\u00f1o el evento incluir\u00e1 actividades como:<\/span><\/span><\/p>\n<p>&nbsp;<\/p>\n<p><span style=\"font-family: Verdana,sans-serif;\"><span style=\"font-size: x-small;\">&#8211;<\/span><\/span><span style=\"color: #000000;\"><span style=\"font-family: Verdana,sans-serif;\"><span style=\"font-size: x-small;\"> Esta edici\u00f3n de <\/span><\/span><\/span><span style=\"color: #000000;\"><span style=\"font-family: Verdana,sans-serif;\"><span style=\"font-size: x-small;\"><strong>CIFICOM MADRID 2012<\/strong><\/span><\/span><\/span><span style=\"color: #000000;\"><span style=\"font-family: Verdana,sans-serif;\"><span style=\"font-size: x-small;\"> contaremos con el mejor equipo de especialistas del pa\u00eds: <\/span><\/span><\/span><span style=\"color: #000000;\"><span style=\"font-family: Verdana,sans-serif;\"><span style=\"font-size: x-small;\"><strong>ROJO STUNT TEAM<\/strong><\/span><\/span><\/span><span style=\"color: #000000;\"><span style=\"font-family: Verdana,sans-serif;\"><span style=\"font-size: x-small;\">, donde nos deleitaran con un mont\u00f3n de acrobacias EXPECTACULARES !!<\/span><\/span><\/span><\/p>\n<p>&nbsp;<\/p>\n<p><span style=\"font-family: Verdana,sans-serif;\"><span style=\"font-size: x-small;\">-Contaremos con la presencia de <\/span><\/span><span style=\"font-family: Verdana,sans-serif;\"><span style=\"font-size: x-small;\"><strong>Versus Madrid,<\/strong><\/span><\/span><span style=\"font-family: Verdana,sans-serif;\"><span style=\"font-size: x-small;\"> donde<\/span><\/span><span style=\"font-family: Verdana,sans-serif;\"><span style=\"font-size: x-small;\"> presentar\u00e1 una actuaci\u00f3n teatral ambientada en Star Wars con multitud de escenas de combate, al estilo que siempre ha favorecido su p\u00fablico; as\u00ed como un \u00abmaking of\u00bb<\/span><\/span><\/p>\n<p>&nbsp;<\/p>\n<p><span style=\"font-family: Verdana,sans-serif;\"><span style=\"font-size: x-small;\">&#8211;<\/span><\/span><span style=\"font-family: Verdana,sans-serif;\"><span style=\"font-size: x-small;\"><strong>Alex Franco Jorge<\/strong><\/span><\/span><span style=\"font-family: Verdana,sans-serif;\"><span style=\"font-size: x-small;\">, nos ofrecera un espectaculo de coreografias realizadas en la Pelicula Mi Sangre de Tato Escriche de la productora SoloFiccions.<\/span><\/span><\/p>\n<p>&nbsp;<\/p>\n<p><span style=\"font-family: Verdana,sans-serif;\"><span style=\"font-size: x-small;\">&#8211;<\/span><\/span><span style=\"font-family: Verdana,sans-serif;\"><span style=\"font-size: x-small;\"> La <\/span><\/span><span style=\"font-family: Verdana,sans-serif;\"><span style=\"font-size: x-small;\"><strong>Comunidad Fan de Indiana Jones<\/strong><\/span><\/span><span style=\"font-family: Verdana,sans-serif;\"><span style=\"font-size: x-small;\"> realizar\u00e1 una exhibici\u00f3n del uso del l\u00e1tigo y sus diferentes movimientos, as\u00ed como ense\u00f1ar a algunos voluntarios a realizar movimientos.<\/span><\/span><\/p>\n<p>&nbsp;<\/p>\n<p><span style=\"font-family: Verdana,sans-serif;\"><span style=\"font-size: x-small;\">-Tendremos uno de los pocos R2D2 a escala 1:1 construido por <\/span><\/span><span style=\"font-family: Verdana,sans-serif;\"><span style=\"font-size: x-small;\"><strong>Jose Antonio Carballo<\/strong><\/span><\/span><span style=\"font-family: Verdana,sans-serif;\"><span style=\"font-size: x-small;\">, miembro de la sociedad R2D2 Builders, que ademas nos explicara el proceso de montaje.<\/span><\/span><\/p>\n<p>&nbsp;<\/p>\n<p><span style=\"font-family: Verdana,sans-serif;\"><span style=\"font-size: x-small;\">&#8211;<\/span><\/span><span style=\"font-family: Verdana,sans-serif;\"><span style=\"font-size: x-small;\"><strong>Vicente Escriche <\/strong><\/span><\/span><span style=\"font-family: Verdana,sans-serif;\"><span style=\"font-size: x-small;\">&amp;<\/span><\/span><strong><span style=\"font-family: Verdana,sans-serif;\"><span style=\"font-size: x-small;\">Fran Casanova<\/span><\/span><\/strong><span style=\"font-family: Verdana,sans-serif;\"><span style=\"font-size: x-small;\"><strong>:<\/strong><\/span><\/span><span style=\"font-family: Verdana,sans-serif;\"><span style=\"font-size: x-small;\"> estar\u00e1 presente con todos nosotros donde, <\/span><\/span><span style=\"font-family: Verdana,sans-serif;\"><span style=\"font-size: x-small;\"><strong>Vicente Escriche<\/strong><\/span><\/span><span style=\"font-family: Verdana,sans-serif;\"><span style=\"font-size: x-small;\"> presentaran las producciones<\/span><\/span><span style=\"font-family: Verdana,sans-serif;\"><span style=\"font-size: x-small;\">y<\/span><\/span><span style=\"font-family: Verdana,sans-serif;\"><span style=\"font-size: x-small;\"><strong> \u201cMi Sangre\u201d <\/strong><\/span><\/span><span style=\"font-family: Verdana,sans-serif;\"><span style=\"font-size: x-small;\">de la Productora<\/span><\/span><span style=\"font-family: Verdana,sans-serif;\"><span style=\"font-size: x-small;\"><strong> SoloFiccions<\/strong><\/span><\/span><span style=\"font-family: Verdana,sans-serif;\"><span style=\"font-size: x-small;\">, <\/span><\/span><strong><span style=\"font-family: Verdana,sans-serif;\"><span style=\"font-size: x-small;\">Fran Casanova <\/span><\/span><\/strong><span style=\"font-family: Verdana,sans-serif;\"><span style=\"font-size: x-small;\">proyectar\u00e1 su cortometraje m\u00e1s conocido Mundialmente, <\/span><\/span><strong><span style=\"font-family: Verdana,sans-serif;\"><span style=\"font-size: x-small;\"> \u201cIndiana Jones y la b\u00fasqueda del \u00eddolo perdido\u201d <\/span><\/span><\/strong><span style=\"font-family: Verdana,sans-serif;\"><span style=\"font-size: x-small;\">Adem\u00e1s de su \u00faltima producci\u00f3n donde adem\u00e1s nos contara an\u00e9cdotas del rodaje a la terminaci\u00f3n del corto.<\/span><\/span><\/p>\n<p><span style=\"font-family: Verdana,sans-serif;\"><span style=\"font-size: x-small;\">-Adem\u00e1s el<\/span><\/span><span style=\"font-family: Verdana,sans-serif;\"><span style=\"font-size: x-small;\"><strong>Domingo 23 de Septiembre<\/strong><\/span><\/span><span style=\"font-family: Verdana,sans-serif;\"><span style=\"font-size: x-small;\"> donde contaremos con la actuaci\u00f3n del <\/span><\/span><span><span style=\"font-size: x-small;\"><strong>EL JABAL\u00cd DE FAUSTO !!<\/strong><\/span><\/span><\/p>\n<p><span style=\"font-family: Verdana,sans-serif;\"><span style=\"font-size: x-small;\"><strong>&#8211; <\/strong><\/span><\/span><span style=\"font-family: Verdana,sans-serif;\"><span style=\"font-size: x-small;\">Exposiciones: <\/span><\/span><span style=\"font-family: Verdana,sans-serif;\"><span style=\"font-size: x-small;\"><strong>35<\/strong><\/span><\/span><span style=\"font-family: Verdana,sans-serif;\"><span style=\"font-size: x-small;\"><strong>Aniversario Star Wars, <\/strong><\/span><\/span><span style=\"font-family: Verdana,sans-serif;\"><span style=\"font-size: x-small;\">con la presencia de<\/span><\/span><span style=\"font-family: Verdana,sans-serif;\"><span style=\"font-size: x-small;\"><strong> R2-D2 a tama\u00f1o real <\/strong><\/span><\/span><span style=\"font-family: Verdana,sans-serif;\"><span style=\"font-size: x-small;\">paseando por nuestro evento<\/span><\/span><span style=\"font-family: Verdana,sans-serif;\"><span style=\"font-size: x-small;\"><strong>, Transformer, 25 Aniversario Star Trek, Indiana Jones, Harry Potter, Gal\u00e1ctica, V los visitantes, <\/strong><\/span><\/span><span style=\"font-family: Verdana,sans-serif;\"><span style=\"font-size: x-small;\"><strong>Gi Joe<\/strong><\/span><\/span><span style=\"font-family: Verdana,sans-serif;\"><span style=\"font-size: x-small;\">, <\/span><\/span><span style=\"font-family: Verdana,sans-serif;\"><span style=\"font-size: x-small;\"><strong>MOTU,<\/strong><\/span><\/span><span style=\"font-family: Verdana,sans-serif;\"><span style=\"font-size: x-small;\"><strong>Marvel<\/strong><\/span><\/span><span style=\"font-family: Verdana,sans-serif;\"><span style=\"font-size: x-small;\">Exposici\u00f3n oficial de <\/span><\/span><span style=\"font-family: Verdana,sans-serif;\"><span style=\"font-size: x-small;\"><strong>Guillermo del Toro<\/strong><\/span><\/span><span style=\"font-family: Verdana,sans-serif;\"><span style=\"font-size: x-small;\"> (El laberinto del Fauno, Hellboy\u2026) la espectacular exposici\u00f3n del <\/span><\/span><span style=\"font-family: Verdana,sans-serif;\"><span style=\"font-size: x-small;\"><strong>50 Aniversario<\/strong><\/span><\/span><span style=\"font-family: Verdana,sans-serif;\"><span style=\"font-size: x-small;\"><strong>James Bond 007, <\/strong><\/span><\/span><span style=\"font-family: Verdana,sans-serif;\"><span style=\"font-size: x-small;\">Piezas y vestuario original de la saga de <\/span><\/span><span style=\"font-family: Verdana,sans-serif;\"><span style=\"font-size: x-small;\"><strong>Stargate<\/strong><\/span><\/span><span style=\"font-family: Verdana,sans-serif;\"><span style=\"font-size: x-small;\">, una gran exposici\u00f3n de<\/span><\/span><span style=\"font-family: Verdana,sans-serif;\"><span style=\"font-size: x-small;\"><strong>Superman<\/strong><\/span><\/span><span style=\"font-family: Verdana,sans-serif;\"><span style=\"font-size: x-small;\">, as\u00ed como unas de juguetes y piezas m\u00edticas de los <\/span><\/span><span style=\"font-family: Verdana,sans-serif;\"><span style=\"font-size: x-small;\"><strong>a\u00f1os 60, 70 y 80s <\/strong><\/span><\/span><span style=\"font-family: Verdana,sans-serif;\"><span style=\"font-size: x-small;\">entre otras.<\/span><\/span><\/p>\n<p>&nbsp;<\/p>\n<p><span style=\"font-family: Verdana,sans-serif;\"><span style=\"font-size: x-small;\"><strong>&#8211;<\/strong><\/span><\/span><span style=\"color: #000000;\"><span style=\"font-family: Verdana,sans-serif;\"><span style=\"font-size: x-small;\"> Tendremos sesi\u00f3n de fotos, firmas con los actores invitados, adem\u00e1s de Conferencias, Mesas redondas, etc.<\/span><\/span><\/span><\/p>\n<p>&nbsp;<\/p>\n<p><span style=\"font-family: Verdana,sans-serif;\"><span style=\"font-size: x-small;\">&#8211;<\/span><\/span><span style=\"font-family: Verdana,sans-serif;\"><span style=\"font-size: x-small;\"><strong> David Ambit <\/strong><\/span><\/span><span style=\"font-family: Verdana,sans-serif;\"><span style=\"font-size: x-small;\">y<\/span><\/span><span style=\"font-family: Verdana,sans-serif;\"><span style=\"font-size: x-small;\"><strong> Lucia Salanueva<\/strong><\/span><\/span><span style=\"font-family: Verdana,sans-serif;\"><span style=\"font-size: x-small;\"> junto con su equipo de <\/span><\/span><span style=\"font-family: Verdana,sans-serif;\"><span style=\"font-size: x-small;\"><strong>Efectos Especiales y Maquillaje INSIDE FX<\/strong><\/span><\/span><span style=\"font-family: Verdana,sans-serif;\"><span style=\"font-size: x-small;\">, n<\/span><\/span><span style=\"font-family: Verdana,sans-serif;\"><span style=\"font-size: x-small;\">os dar\u00e1n una conferencia de su trabajo en pel\u00edculas como: Romasanta, Crimen Perfecto, Torrente 3, Para entrar a vivir, Cuento de navidad, REC, REC 2, REC 3, Spanish Movie, Verbo, El Bosque\u2026 Y en series de TV como Hospital centra o El secreto de Puente Viejo, entre otras.<\/span><\/span><\/p>\n<p>&nbsp;<\/p>\n<p><span style=\"font-family: Verdana,sans-serif;\"><span style=\"font-size: x-small;\"><strong>&#8211;<\/strong><\/span><\/span><span style=\"font-family: Verdana,sans-serif;\"><span style=\"font-size: x-small;\"> Tambi\u00e9n contaremos con la zona comercial para todos los amantes del coleccionismo<\/span><\/span><\/p>\n<p><span style=\"font-family: Verdana,sans-serif;\"><span style=\"font-size: x-small;\">Y con un mont\u00f3n de material exclusivo.<\/span><\/span><\/p>\n<p align=\"JUSTIFY\"><span style=\"font-family: Verdana,sans-serif;\"><span style=\"font-size: x-small;\">-El <\/span><\/span><strong><span style=\"font-family: Verdana,sans-serif;\"><span style=\"font-size: x-small;\">domingo 23 de Septiembre<\/span><\/span><\/strong><span style=\"font-family: Verdana,sans-serif;\"><span style=\"font-size: x-small;\"> se realizar\u00e1 en las instalaciones de <\/span><\/span><strong><span style=\"font-family: Verdana,sans-serif;\"><span style=\"font-size: x-small;\">CIFICOM 2012<\/span><\/span><\/strong><span style=\"font-family: Verdana,sans-serif;\"><span style=\"font-size: x-small;\"> la <\/span><\/span><strong><span style=\"font-family: Verdana,sans-serif;\"><span style=\"font-size: x-small;\">\u201cSegunda Subasta Ben\u00e9fica de objetos de coleccionismo\u201d<\/span><\/span><\/strong><span style=\"font-family: Verdana,sans-serif;\"><span style=\"font-size: x-small;\"> a favor de la <\/span><\/span><strong><span style=\"font-family: Verdana,sans-serif;\"><span style=\"font-size: x-small;\">Fundaci\u00f3n Gomaespuma,<\/span><\/span><\/strong><span style=\"font-family: Verdana,sans-serif;\"><span style=\"font-size: x-small;\"> donde visitantes, invitados y fans mostrar\u00e1n su generosidad con esos ni\u00f1os que no tienen tanta suerte como ellos, los beneficios de esta subasta ir\u00e1 a parar a dicha entidad.<\/span><\/span><\/p>\n<p><span style=\"font-family: Verdana,sans-serif;\"><span style=\"font-size: x-small;\">Las entradas al evento oscilan desde los 7.5\u20ac para los desempleados que lo acrediten, pasando por 15\u20ac o 25\u20ac para uno o dos d\u00edas, hasta 249\u20ac para los invitados VIP. con descuentos por reserva anticipada.<\/span><\/span><\/p>\n<p>&nbsp;<\/p>\n<table width=\"767\" border=\"0\" cellspacing=\"0\" cellpadding=\"0\" align=\"center\" bgcolor=\"#FFFFFF\">\n<tbody>\n<tr>\n<td style=\"text-align: center;\" colspan=\"2\" valign=\"top\">\n<p style=\"text-align: left;\" align=\"center\"><strong>ACAT<br \/>\n<em>\u201cAsociaci\u00f3n de Coleccionistas y Aficionados a los juguetes Transformables\u00bb<\/em><\/strong><\/p>\n<p style=\"text-align: left;\"><em>Es una sociedad que surge del trabajo e ilusi\u00f3n de un grupo de amigos por la difusi\u00f3n entre la sociedad de los juguetes transformables, en especial los editados bajo la marca Transformers de Hasbro.<\/em><br \/>\n<em>En esta exposici\u00f3n haremos un recorrido por los casi 30 a\u00f1os de Transformers, mostrando los juguetes m\u00e1s representativos a lo largo de los a\u00f1os. Veremos desde los originales y televisivos robots de nuestra infancia hasta los \u00faltimos dise\u00f1os de las pel\u00edculas, pasando por todo tipo de series orientadas a ni\u00f1os y adultos. Disfruta de las diversas encarnaciones de Optimus Prime y Megatron, conoce a los min\u00fasculos Minicons y del\u00e9itate con Fortress Maximus, el Transformer m\u00e1s grande de todos los tiempos. \u00a1No os perd\u00e1is nuestra exposici\u00f3n, ser\u00e1 un aut\u00e9ntico espect\u00e1culo!<\/em><\/p>\n<p><img loading=\"lazy\" decoding=\"async\" src=\"http:\/\/www.cificom.es\/imagenes\/exposiciones\/trans1.jpg\" alt=\"\" width=\"600\" height=\"240\" \/><\/td>\n<td><\/td>\n<\/tr>\n<tr>\n<td height=\"14\"><\/td>\n<td><\/td>\n<td><\/td>\n<td><\/td>\n<\/tr>\n<tr>\n<td height=\"200\">\n<p style=\"text-align: left;\" align=\"center\"><strong>La Comunidad Fan de Indiana Jones<\/strong><\/p>\n<p>Presentar\u00e1 una Exposici\u00f3n de objetos relacionados con Indiana Jones, Merchandising, r\u00e9plicas, vestuario, adem\u00e1s de actividades y conferencias.<br \/>\nSe trata de la exposici\u00f3n m\u00e1s grande vista hasta la fecha de Indiana Jones en nuestro pa\u00eds, con m\u00e1s de 100 piezas de material, la exposici\u00f3n se compone de R\u00e9plicas de objetos de las pel\u00edculas, merchandising de todo tipo, vestuario y mucho m\u00e1s.<br \/>\n<img loading=\"lazy\" decoding=\"async\" class=\"alignleft\" src=\"http:\/\/www.cificom.es\/imagenes\/exposiciones\/indi.gif\" alt=\"\" width=\"605\" height=\"329\" \/><\/td>\n<td colspan=\"2\" valign=\"top\"><\/td>\n<td><\/td>\n<\/tr>\n<tr>\n<td height=\"13\"><\/td>\n<td><\/td>\n<td><\/td>\n<td><\/td>\n<\/tr>\n<tr>\n<td style=\"text-align: left;\" height=\"200\">\n<p align=\"center\"><strong>\u201cAsociaci\u00f3n de coleccionistas de figuras de acci\u00f3n\u201d Mesocra<\/strong><\/p>\n<p>Presentara una exposici\u00f3n de <strong>Gi Joe<\/strong>, <strong>MOTU<\/strong> y <strong>Marvel<\/strong>, con figuras y pack exclusivos del todo curiosas. <strong>Una oportunidad excepcional para poder ver de nuevo los juguetes de nuestra infancia y del presente.<\/strong><br \/>\n<img loading=\"lazy\" decoding=\"async\" src=\"http:\/\/www.cificom.es\/imagenes\/exposiciones\/mesocra.jpg\" alt=\"\" width=\"612\" height=\"340\" \/><\/td>\n<td colspan=\"2\" valign=\"top\"><\/td>\n<td><\/td>\n<\/tr>\n<tr>\n<td height=\"13\"><\/td>\n<td><\/td>\n<td><\/td>\n<td><\/td>\n<\/tr>\n<tr>\n<td height=\"200\">\n<p style=\"text-align: left;\" align=\"center\"><strong>\u201cLa Comunidad Stargate Espa\u00f1a\u201d<\/strong><\/p>\n<p>Presentar\u00e1 una Exposici\u00f3n de objetos relacionados con Stargate, Merchandising, r\u00e9plicas, vestuario, adem\u00e1s de actividades y conferencias.<br \/>\nSe trata de la exposici\u00f3n m\u00e1s grande vista hasta la fecha de Stargate en nuestro pa\u00eds, con m\u00e1s de 100 piezas de material, la exposici\u00f3n se compone de R\u00e9plicas de objetos de las pel\u00edculas, merchandising de todo tipo, vestuario y mucho m\u00e1s.<br \/>\n<img loading=\"lazy\" decoding=\"async\" class=\"alignleft\" src=\"http:\/\/www.cificom.es\/imagenes\/exposiciones\/star.jpg\" alt=\"\" width=\"612\" height=\"340\" \/><\/td>\n<td colspan=\"2\" valign=\"top\"><\/td>\n<td><\/td>\n<\/tr>\n<tr>\n<td height=\"14\"><\/td>\n<td><\/td>\n<td><\/td>\n<td><\/td>\n<\/tr>\n<tr>\n<td height=\"528\">\n<p style=\"text-align: left;\" align=\"center\"><strong><a id=\"oli\" name=\"oli\"><\/a>\u00abSuperman: El Hombre de Acero\u00bb<\/strong><\/p>\n<p><strong>Javier Olivares &amp; Jorge Mu\u00f1oz:<\/strong> Dos de los mayores coleccionistas de Superman en Espa\u00f1a.<\/p>\n<p>Ceder\u00e1n algunas de sus piezas m\u00e1s espectaculares y exclusivas de su colecci\u00f3n para la exposici\u00f3n, entre ellas, estatuas de <em>Superman Returns<\/em> creadas por Weta Workshop, Las figuras de Superman de Hot Toys (Superman, Clark Kent y Jor-El), La Cinemaquette Superman, el coleccionable m\u00e1s exclusivo del Hombre de Acero, adem\u00e1s de una reproducci\u00f3n de casi 80 cm. del Superman de Christopher Reeve, con ropa de f\u00e1brica, cabeza de silicona y pelo natural individualmente insertado, Estatua de Superman esculpida por Kent Melton, Figura de 18\u201d de Tonner, con ropa de f\u00e1brica y cabeza de porcelana, adem\u00e1s de Varias figuras de DC Direct de 13\u201d con ropa de f\u00e1brica y varias estatuas de DC Direct de tama\u00f1os diversos.<\/p>\n<p><strong>\u00d3sea una espectacular exposici\u00f3n para cualquier amante de Superman!! Que no puedes dejar de visitar.<\/strong><br \/>\n<img loading=\"lazy\" decoding=\"async\" class=\"alignleft\" src=\"http:\/\/www.cificom.es\/imagenes\/noticias\/Superman%202012%20expo.jpg\" alt=\"\" width=\"612\" height=\"340\" \/><\/td>\n<td colspan=\"2\" valign=\"top\"><\/td>\n<td><\/td>\n<\/tr>\n<tr>\n<td height=\"13\"><\/td>\n<td><\/td>\n<td><\/td>\n<td><\/td>\n<\/tr>\n<tr>\n<td height=\"240\"><strong>\u201cHacedor de Cuentos. El Arte en Guillermo del Toro\u201d<\/strong>Se podr\u00e1 visitar dentro de<strong> CIFICOM MADRID 2012, <\/strong>el<strong> 2\u00ba Sal\u00f3n Internacional de Cine, Ficci\u00f3n y Coleccionismo de Espa\u00f1a <\/strong>que se celebrar\u00e1 los<strong> d\u00edas 22 y 23 de septiembre <\/strong>en el Pabell\u00f3n la Pipa del Recinto Ferial de la Casa de Campo.<br \/>\n<strong>\u201cHacedor de Cuentos. El Arte en Guillermo del Toro\u201d <\/strong>es la primera y m\u00e1s completa exposici\u00f3n realizada en torno al universo del c\u00e9lebre y galardonado cineasta mexicano, mostrando sus propios storyboards, dise\u00f1os y material de cuadernos de viaje, junto a las aportaciones de otros relevantes ilustradores y creadores de efectos visuales y de maquillaje que han trabajado en su cine durante los \u00faltimos veinte a\u00f1os, desde su opera prima \u201c<strong>Cronos<\/strong>\u201dhasta sus m\u00e1s recientes \u00e9xitos \u201c<strong>Hellboy<\/strong>\u201d y \u201c<strong>El Laberinto del Fauno<\/strong>\u201d.<br \/>\nLa muestra, comisa riada por <strong>Antonio Busquets <\/strong>y dise\u00f1ada y producida por <strong>Flash-Back Producciones.<\/strong><br \/>\nPor la muestra han pasado conocidos rostros del universo de <strong>Guillermo del Toro <\/strong>como los integrantes de la empresa <strong>DDT <\/strong>y ganadores del Oscar a los efectos especiales y de maquillaje David Mart\u00ed y Montse Rib\u00e9; o <strong>Emilio Ruiz<\/strong>, el gran experto en trucajes cinematogr\u00e1ficos y ganador de tres Premios Goya (uno de ellos por <strong>\u201cEl Laberinto del Fauno\u201d<\/strong>) a quien se le entreg\u00f3 el Premio de Honor en el Festival de Cine de Astorga, formando parte de las actividades que se han ido realizando en los pasados a\u00f1os en los cert\u00e1menes o recintos expositivos que han acogido la exposici\u00f3n.<br \/>\n<strong>Guillermo del Toro <\/strong>es hoy en d\u00eda uno de los cineastas m\u00e1s solicitados a nivel mundial, cuya vigencia es absoluta gracias no s\u00f3lo al rotundo \u00e9xito y repercusi\u00f3n internacional de\u201c<strong>El Laberinto del Fauno<\/strong>\u201d y de las dos entregas de \u201c<strong>Hellboy<\/strong>\u201d,sino tambi\u00e9n por el pr\u00f3ximo y muy esperado estreno de su nuevo largometraje\u201c<strong>Pacific Rim<\/strong>\u201d.<br \/>\nEs importante resaltar que la exposici\u00f3n va transform\u00e1ndose en cada inauguraci\u00f3n, ofreciendo a sus visitantes nuevos contenidos: desde los planos originales de <strong>\u201cEl Laberinto&#8230;\u201d<\/strong> o las maquetas y dibujos de <strong>Emilio Ruiz, <\/strong>a los props, m\u00e1scaras, pr\u00f3tesis y otros valiosos objetos de <strong>DDT<\/strong>, ampli\u00e1ndose con la obra de nuevos autores, como los exclusivos cuadros pintados por el artista <strong>Toni Benages Gallard<\/strong>, reinterpretando motivos concretos de la filmograf\u00eda de <strong>Del Toro <\/strong>desde su particular \u00f3ptica personal.<img loading=\"lazy\" decoding=\"async\" src=\"http:\/\/www.cificom.es\/imagenes\/exposiciones\/Guillermo%20Del%20Toro.jpg\" alt=\"\" width=\"612\" height=\"340\" \/><\/td>\n<td colspan=\"2\"><\/td>\n<td><\/td>\n<\/tr>\n<tr>\n<td height=\"14\"><\/td>\n<td><\/td>\n<td><\/td>\n<td><\/td>\n<\/tr>\n<tr>\n<td height=\"103\">\n<p style=\"text-align: left;\" align=\"center\"><strong><a id=\"francesc\" name=\"francesc\"><\/a>Francesc Sirvent<strong>: <\/strong>E<\/strong>xpondr\u00e1 una parte de su colecci\u00f3n de originales y replicas del <strong>agente 007<\/strong> m\u00e1s conocido del mundo.<\/p>\n<p style=\"text-align: left;\"><strong>Francesc Sirvent <\/strong>es un coleccionista enamorado del s\u00e9ptimo arte, Francesc nace en Barcelona en 1966. Su primer contacto con el agente menos secreto del mundo tuvo lugar durante una sesi\u00f3n doble en un cine del barrio barcelon\u00e9s de Pobl\u00e9 Sec, d\u00f3nde vi\u00f3 <em>Desde Rusia con amor<\/em>. A\u00f1os despu\u00e9s, el reestreno de <em>Moonraker<\/em> signific\u00f3 su adhesi\u00f3n definitiva al universo bondiano. En 1996 empieza a recopilar material para su gu\u00eda sobre James Bond, libro que titul\u00f3 <em>Bond, 007: seduce y dispara <\/em>(1999), valorada por la cr\u00edtica como una aut\u00e9ntica enciclopedia en castellano sobre el agente. Este hecho le llevar\u00e1 tambi\u00e9n a coleccionar diferentes objetos y documentaci\u00f3n sobre las novelas y las pel\u00edculas del agente, material que da a conocer a trav\u00e9s de su web <strong>(www.mundo007.com)<\/strong> y de los diversos actos que organiza o a los que es invitado (entrevistas en radio y televisi\u00f3n, conferencias, exposiciones, cine f\u00f3rums, congresos y encuentros en el extranjero).<\/p>\n<p style=\"text-align: left;\" align=\"center\"><strong>No te la pierdas y celebra con nosotros el 50 Aniversario del agente 007 m\u00e1s famoso del mundo!!<\/strong><\/p>\n<p align=\"center\"><img loading=\"lazy\" decoding=\"async\" class=\"alignleft\" src=\"http:\/\/www.cificom.es\/imagenes\/exposiciones\/BTV.jpg\" alt=\"\" width=\"400\" height=\"533\" \/><\/p>\n<\/td>\n<td colspan=\"2\" valign=\"top\"><\/td>\n<td><\/td>\n<\/tr>\n<tr>\n<td height=\"13\"><\/td>\n<td><\/td>\n<td><\/td>\n<td><\/td>\n<\/tr>\n<tr>\n<td height=\"300\"><strong>Space Trask Force:<\/strong>nos mostrar\u00e1n piezas, trajes y replicas de sagas m\u00edticas desde <strong>Galactica<\/strong>hasta <strong>V<\/strong>, pasando por <strong>Stargate<\/strong> y <strong>Star Trek<\/strong>.<img loading=\"lazy\" decoding=\"async\" src=\"http:\/\/www.cificom.es\/imagenes\/noticias\/stargate.jpg\" alt=\"\" width=\"612\" height=\"292\" \/><\/td>\n<td colspan=\"2\" valign=\"top\"><\/td>\n<\/tr>\n<\/tbody>\n<\/table>\n","protected":false},"excerpt":{"rendered":"\u00bfQue es el CIFICOM? Es el evento dedicado al mundo del cine, ficcion, coleccionismo y merchandasing, y todos los aspectos que los rodean. \n<a class=\"moretag\" href=\"https:\/\/www.televisionalternativa.es\/000\/?p=3219\"> [...]<\/a>","protected":false},"author":14,"featured_media":3236,"comment_status":"closed","ping_status":"closed","sticky":false,"template":"","format":"standard","meta":{"footnotes":""},"categories":[3,257],"tags":[326,504,64,493,145,82,327],"class_list":["post-3219","post","type-post","status-publish","format-standard","has-post-thumbnail","hentry","category-blog","category-eventos","tag-alternativa","tag-cificom","tag-cine-2","tag-coleccionismo","tag-ficcion","tag-madrid","tag-television-2"],"_links":{"self":[{"href":"https:\/\/www.televisionalternativa.es\/000\/index.php?rest_route=\/wp\/v2\/posts\/3219","targetHints":{"allow":["GET"]}}],"collection":[{"href":"https:\/\/www.televisionalternativa.es\/000\/index.php?rest_route=\/wp\/v2\/posts"}],"about":[{"href":"https:\/\/www.televisionalternativa.es\/000\/index.php?rest_route=\/wp\/v2\/types\/post"}],"author":[{"embeddable":true,"href":"https:\/\/www.televisionalternativa.es\/000\/index.php?rest_route=\/wp\/v2\/users\/14"}],"replies":[{"embeddable":true,"href":"https:\/\/www.televisionalternativa.es\/000\/index.php?rest_route=%2Fwp%2Fv2%2Fcomments&post=3219"}],"version-history":[{"count":21,"href":"https:\/\/www.televisionalternativa.es\/000\/index.php?rest_route=\/wp\/v2\/posts\/3219\/revisions"}],"predecessor-version":[{"id":3235,"href":"https:\/\/www.televisionalternativa.es\/000\/index.php?rest_route=\/wp\/v2\/posts\/3219\/revisions\/3235"}],"wp:featuredmedia":[{"embeddable":true,"href":"https:\/\/www.televisionalternativa.es\/000\/index.php?rest_route=\/wp\/v2\/media\/3236"}],"wp:attachment":[{"href":"https:\/\/www.televisionalternativa.es\/000\/index.php?rest_route=%2Fwp%2Fv2%2Fmedia&parent=3219"}],"wp:term":[{"taxonomy":"category","embeddable":true,"href":"https:\/\/www.televisionalternativa.es\/000\/index.php?rest_route=%2Fwp%2Fv2%2Fcategories&post=3219"},{"taxonomy":"post_tag","embeddable":true,"href":"https:\/\/www.televisionalternativa.es\/000\/index.php?rest_route=%2Fwp%2Fv2%2Ftags&post=3219"}],"curies":[{"name":"wp","href":"https:\/\/api.w.org\/{rel}","templated":true}]}}