{"id":3087,"date":"2012-09-04T02:45:48","date_gmt":"2012-09-04T02:45:48","guid":{"rendered":"http:\/\/www.televisionalternativa.es\/000\/?p=3087"},"modified":"2014-03-29T14:19:31","modified_gmt":"2014-03-29T14:19:31","slug":"%e2%80%9cel-hobbit%e2%80%9d-de-peter-jackson-se-estrenara-a-nivel-mundial-el-18-de-julio-de-2014","status":"publish","type":"post","link":"https:\/\/www.televisionalternativa.es\/000\/?p=3087","title":{"rendered":"El \u00faltimo largometraje de la trilog\u00eda \u201cEL HOBBIT\u201d DE PETER JACKSON   SE ESTRENAR\u00c1 A NIVEL MUNDIAL EL 18 DE JULIO DE 2014"},"content":{"rendered":"<p>Warner Bros Pictures y Metro-Goldwyn-Mayer Pictures han anunciado que el \u00faltimo largometraje de la trilog\u00eda de Peter Jackson, adaptaci\u00f3n de la siempre popular obra maestra de J. R. R. Tolkien <em>El Hobbit<\/em>, se estrenar\u00e1 en los cines de todo el mundo el pr\u00f3ximo 18 de julio de 2014 bajo el t\u00edtulo \u201cThe Hobbit: There and Back Again\u201d. Las tres pel\u00edculas que conforman la trilog\u00eda han sido producidas por New Line Cinema y Metro-Goldwyn-Mayer Pictures.<\/p>\n<p>Los estudios tambi\u00e9n han anunciado el t\u00edtulo de la segunda parte de la saga: \u201cThe Hobbit: The Desolation of Smaug\u201d, que se presentar\u00e1 en los cines el 13 de diciembre del pr\u00f3ximo a\u00f1o. El primer filme de la trilog\u00eda, \u201cThe Hobbit: An Unexpected Journey\u201d, dar\u00e1 el pistoletazo de salida a la trilog\u00eda las pr\u00f3ximas navidades, el 14 de diciembre. Rodada en 3D a 48 fotogramas por segundo, la trilog\u00eda de largometrajes se emitir\u00e1 en 3D de Alta Frecuencia de Imagen (High Frame Rate), otros formatos de 3D, IMAX y 2D.<\/p>\n<p>\u201cNo quer\u00edamos que pasase tanto tiempo entre la segunda y la tercera parte de la trilog\u00eda. El estreno en julio nos ofrece un perfecto \u00e9xito de verano, adem\u00e1s de que los fans tendr\u00e1n que esperar menos tiempo para disfrutar del final de esta \u00e9pica aventura\u201d, coment\u00f3 Dan Fellman, Presidente de Distribuci\u00f3n Nacional de Warner Bros. Pictures.<\/p>\n<p>Veronika Kwan Vandenberg, Presidenta de Distribuci\u00f3n Internacional de Warner Bros. Pictures, a\u00f1adi\u00f3: \u201c\u2018The Hobbit: There and Back Again\u2019 ser\u00e1 un espect\u00e1culo de acci\u00f3n y un emotivo punto final para esta trilog\u00eda tan ansiada. Estrenarla en verano maximizar\u00e1 la reproducci\u00f3n de lo que promete ser un gran acontecimiento cinematogr\u00e1fico para los fans de todos los rincones del mundo\u201d.<\/p>\n<p>&nbsp;<\/p>\n<p>Seg\u00fan su oscarizado director, Peter Jackson, la trilog\u00eda de largometrajes tiene lugar en la Tierra Media sesenta a\u00f1os antes de los acontecimientos de \u201cEl Se\u00f1or de los Anillos\u201d, que Jackson y su equipo de rodaje llevaron a la gran pantalla con la exitosa trilog\u00eda que culmin\u00f3 con el largometraje \u201cEl Se\u00f1or de los Anillos: El Retorno del Rey\u201d, ganador de un Oscar\u00ae.<\/p>\n<p>Los autores del gui\u00f3n de \u201cThe Hobbit: An Unexpected Journey\u201d, primer largometraje de la trilog\u00eda, son Fran Walsh, Philippa Boyens, Peter Jackson y Guillermo del Toro. Jackson es igualmente el productor de las pel\u00edculas, junto con Carolynne Cunningham, Zane Weiner y Fran Walsh. Los productores ejecutivos son Horn, Toby Emmerich, Ken Kamins y Carolyn Blackwood, con Boyens y Eileen Moran como coproductores.<\/p>\n<p>Bajo la direcci\u00f3n de Jackson, las tres pel\u00edculas se han rodado en 3D digital utilizando la tecnolog\u00eda m\u00e1s avanzada en v\u00eddeo y sonido. Tanto el rodaje adicional como las principales tomas de fotograf\u00eda se est\u00e1n llevando a cabo en Stone Street Studios, Wellington, y en diferentes puntos de Nueva Zelanda.<\/p>\n<p>\u201cThe Hobbit: An Unexpected Journey\u201d y los otros dos filmes de la trilog\u00eda son producciones de New Line Cinema, que gestiona la producci\u00f3n, y Metro-Goldwyn-Mayer Pictures. Warner Bros. Pictures es el encargado de la distribuci\u00f3n cinematogr\u00e1fica a nivel mundial, mientras que MGM se encarga de la distribuci\u00f3n en determinados territorios internacionales as\u00ed como de las licencias de las televisiones internacionales.<\/p>\n","protected":false},"excerpt":{"rendered":"Warner Bros Pictures y Metro-Goldwyn-Mayer Pictures han anunciado que el \u00faltimo largometraje de la trilog\u00eda de Peter Jackson, adaptaci\u00f3n de la siempre popular \n<a class=\"moretag\" href=\"https:\/\/www.televisionalternativa.es\/000\/?p=3087\"> [...]<\/a>","protected":false},"author":14,"featured_media":3088,"comment_status":"closed","ping_status":"closed","sticky":false,"template":"","format":"standard","meta":{"footnotes":""},"categories":[3,63],"tags":[326,198,64,65,68,327],"class_list":["post-3087","post","type-post","status-publish","format-standard","has-post-thumbnail","hentry","category-blog","category-cine","tag-alternativa","tag-cartelera","tag-cine-2","tag-estrenos","tag-noticias","tag-television-2"],"_links":{"self":[{"href":"https:\/\/www.televisionalternativa.es\/000\/index.php?rest_route=\/wp\/v2\/posts\/3087","targetHints":{"allow":["GET"]}}],"collection":[{"href":"https:\/\/www.televisionalternativa.es\/000\/index.php?rest_route=\/wp\/v2\/posts"}],"about":[{"href":"https:\/\/www.televisionalternativa.es\/000\/index.php?rest_route=\/wp\/v2\/types\/post"}],"author":[{"embeddable":true,"href":"https:\/\/www.televisionalternativa.es\/000\/index.php?rest_route=\/wp\/v2\/users\/14"}],"replies":[{"embeddable":true,"href":"https:\/\/www.televisionalternativa.es\/000\/index.php?rest_route=%2Fwp%2Fv2%2Fcomments&post=3087"}],"version-history":[{"count":7,"href":"https:\/\/www.televisionalternativa.es\/000\/index.php?rest_route=\/wp\/v2\/posts\/3087\/revisions"}],"predecessor-version":[{"id":3090,"href":"https:\/\/www.televisionalternativa.es\/000\/index.php?rest_route=\/wp\/v2\/posts\/3087\/revisions\/3090"}],"wp:featuredmedia":[{"embeddable":true,"href":"https:\/\/www.televisionalternativa.es\/000\/index.php?rest_route=\/wp\/v2\/media\/3088"}],"wp:attachment":[{"href":"https:\/\/www.televisionalternativa.es\/000\/index.php?rest_route=%2Fwp%2Fv2%2Fmedia&parent=3087"}],"wp:term":[{"taxonomy":"category","embeddable":true,"href":"https:\/\/www.televisionalternativa.es\/000\/index.php?rest_route=%2Fwp%2Fv2%2Fcategories&post=3087"},{"taxonomy":"post_tag","embeddable":true,"href":"https:\/\/www.televisionalternativa.es\/000\/index.php?rest_route=%2Fwp%2Fv2%2Ftags&post=3087"}],"curies":[{"name":"wp","href":"https:\/\/api.w.org\/{rel}","templated":true}]}}