{"id":3003,"date":"2012-08-27T18:44:27","date_gmt":"2012-08-27T18:44:27","guid":{"rendered":"http:\/\/www.televisionalternativa.es\/000\/?p=3003"},"modified":"2014-03-29T14:19:33","modified_gmt":"2014-03-29T14:19:33","slug":"wolfgang-reip-se-proclama-vencedor-de-la-final-europea-de-gt-academy-2012","status":"publish","type":"post","link":"https:\/\/www.televisionalternativa.es\/000\/?p=3003","title":{"rendered":"Wolfgang Reip se proclama vencedor de la final europea de GT Academy 2012"},"content":{"rendered":"<p>\u2022 La carrera final ha reunido a los 6 mejores jugadores en el famoso trazado \u201cGran Prix\u201d de Silverstone.<\/p>\n<p>\u2022 El ganador formar\u00e1 parte de un intenso programa de entrenamiento para participar en las 24 Horas de Dubai.<\/p>\n<p>El belga Wolfgang Reip se ha proclamado vencedor de la presente edici\u00f3n de GT Academy donde han participado m\u00e1s de 830.000 jugadores de Gran Turismo\u00ae. Este estudiante de 25 a\u00f1os de edad, natural de Lachutel, regresar\u00e1 al Reino Unido pr\u00f3ximamente para embarcarse en un programa intensivo de desarrollo de pilotos y prepararse para competir en la exigente prueba de las 24 Horas de Dubai en enero de 2013 a bordo de un Nissan 370Z GT4.<\/p>\n<p>El desenlace de la final europea de GT Academy ha tenido lugar en un marco incomparable, el Campeonato Mundial de Resistencia (WEC), donde han participado Lucas Ord\u00f3\u00f1ez y Jordan Tresson, ganadores de la primera y segunda edici\u00f3n de GT Academy respectivamente, dentro de la categor\u00eda LMP2.<\/p>\n<p>Los seis finalistas han corrido en el famoso trazado \u201cGran Prix\u201d de Silverstone al volante del Nissan 370Z. Saliendo desde la primera posici\u00f3n, Wolfgang mantuvo un interesante desaf\u00edo con Andrea Cosaro, hasta que finalmente consigui\u00f3 sacar a su rival una ventaja inalcanzable para pasar primero por la bandera de cuadros.<\/p>\n<p>\u00abEste es el d\u00eda m\u00e1s incre\u00edble de mi vida\u00bb, ha comentado un emocionado Wolfgang. \u00abEs incre\u00edble, simplemente incre\u00edble. He llorado en el podio por la emoci\u00f3n. Ha sido una semana muy larga con desaf\u00edos muy diferentes y he aprendido muchas cosas gracias a la experiencia de los mentores.\u201d<\/p>\n<p>Seg\u00fan Reip: \u201cMe he sentido muy confiado durante la carrera. Ten\u00eda muchas ganas de ganar y ha sido bastante sorprendente. Ha sido una carrera complicada por la lluvia. Hab\u00eda zonas de la pista que estaban mojadas y ten\u00eda que adaptarme en cada momento. He conseguido mantener la carrera bajo control a pesar de las buenas condiciones de Andrea Cosaro\u201d.<\/p>\n<p>Bas Leinders, piloto de carreras y mentor de Benelux ha comentado: \u201cEl Race Camp de Silverstone ha sido una experiencia muy buena. Estoy impresionado con lo que han conseguido los finalistas. Al final hemos tenido que tomar una decisi\u00f3n muy dif\u00edcil. En la carrera hab\u00eda dos chicos que han hecho un gran trabajo. El italiano, Andrea, comenz\u00f3 desde la parte de atr\u00e1s de la parrilla, pero sali\u00f3 bien y fue r\u00e1pidamente a la segunda posici\u00f3n para desafiar al l\u00edder. Para &#8216;Wolf&#8217;, ha sido una carrera complicada saliendo en la \u201cpole\u201d con suelo mojado, pero fue capaz de alejarse hasta la \u00faltima vuelta. Ambos tienen un potencial real y hemos visto que ambos se merecen la oportunidad de estar corriendo de manera profesional.\u201d<\/p>\n<p>\u00abSin embargo, hemos tenido que tomar una decisi\u00f3n y la opci\u00f3n m\u00e1s l\u00f3gica era proclamar vencedor de la final europea de GT Academy al aspirante que consigui\u00f3 la \u201cpole\u201d y ganar la carrera\u201d. Estoy seguro de la capacidad que tiene este joven chaval para afrontar el reto que le espera\u201d, ha concluido Leinders. <\/p>\n","protected":false},"excerpt":{"rendered":"\u2022 La carrera final ha reunido a los 6 mejores jugadores en el famoso trazado \u201cGran Prix\u201d de Silverstone. \u2022 El ganador formar\u00e1 \n<a class=\"moretag\" href=\"https:\/\/www.televisionalternativa.es\/000\/?p=3003\"> [...]<\/a>","protected":false},"author":14,"featured_media":3011,"comment_status":"closed","ping_status":"closed","sticky":false,"template":"","format":"standard","meta":{"footnotes":""},"categories":[3,117,126],"tags":[326,246,10,174,165,209,208,297,85,166,243,338,68,248,212,169,224,280,327,164,247,214],"class_list":["post-3003","post","type-post","status-publish","format-standard","has-post-thumbnail","hentry","category-blog","category-motor","category-vj","tag-alternativa","tag-app","tag-apple","tag-consolas","tag-entretenimiento-2","tag-gamer","tag-games","tag-gaming","tag-internet","tag-juegos","tag-kinect","tag-motor-3","tag-noticias","tag-online","tag-pc","tag-playstation","tag-ps3","tag-tecnologia-3","tag-television-2","tag-videojuegos-3","tag-vita","tag-xbox-360"],"_links":{"self":[{"href":"https:\/\/www.televisionalternativa.es\/000\/index.php?rest_route=\/wp\/v2\/posts\/3003","targetHints":{"allow":["GET"]}}],"collection":[{"href":"https:\/\/www.televisionalternativa.es\/000\/index.php?rest_route=\/wp\/v2\/posts"}],"about":[{"href":"https:\/\/www.televisionalternativa.es\/000\/index.php?rest_route=\/wp\/v2\/types\/post"}],"author":[{"embeddable":true,"href":"https:\/\/www.televisionalternativa.es\/000\/index.php?rest_route=\/wp\/v2\/users\/14"}],"replies":[{"embeddable":true,"href":"https:\/\/www.televisionalternativa.es\/000\/index.php?rest_route=%2Fwp%2Fv2%2Fcomments&post=3003"}],"version-history":[{"count":6,"href":"https:\/\/www.televisionalternativa.es\/000\/index.php?rest_route=\/wp\/v2\/posts\/3003\/revisions"}],"predecessor-version":[{"id":3007,"href":"https:\/\/www.televisionalternativa.es\/000\/index.php?rest_route=\/wp\/v2\/posts\/3003\/revisions\/3007"}],"wp:featuredmedia":[{"embeddable":true,"href":"https:\/\/www.televisionalternativa.es\/000\/index.php?rest_route=\/wp\/v2\/media\/3011"}],"wp:attachment":[{"href":"https:\/\/www.televisionalternativa.es\/000\/index.php?rest_route=%2Fwp%2Fv2%2Fmedia&parent=3003"}],"wp:term":[{"taxonomy":"category","embeddable":true,"href":"https:\/\/www.televisionalternativa.es\/000\/index.php?rest_route=%2Fwp%2Fv2%2Fcategories&post=3003"},{"taxonomy":"post_tag","embeddable":true,"href":"https:\/\/www.televisionalternativa.es\/000\/index.php?rest_route=%2Fwp%2Fv2%2Ftags&post=3003"}],"curies":[{"name":"wp","href":"https:\/\/api.w.org\/{rel}","templated":true}]}}