{"id":2997,"date":"2012-08-27T18:34:48","date_gmt":"2012-08-27T18:34:48","guid":{"rendered":"http:\/\/www.televisionalternativa.es\/000\/?p=2997"},"modified":"2014-03-29T14:19:34","modified_gmt":"2014-03-29T14:19:34","slug":"novedades-en-vi-japan-weekend-madrid-2-0-japan-madness-y-premios-anime-festival","status":"publish","type":"post","link":"https:\/\/www.televisionalternativa.es\/000\/?p=2997","title":{"rendered":"Novedades en VI Japan Weekend Madrid 2.0: Japan Madness y premios Anime Festival"},"content":{"rendered":"<div><strong id=\"internal-source-marker_0.33658505557104945\">Los pr\u00f3ximos d\u00edas 22 y 23 de Septiembre de 2012 se celebrar\u00e1 la pr\u00f3xima edici\u00f3n de Japan Weekend Madrid, denominada \u00abVI Japan Weekend Madrid 2.0\u00bb en el Pabell\u00f3n de la Pipa del Recinto Ferial de la Casa de Campo de Madrid, con m\u00e1s de 7000m2 de espacio ofreciendo lo mejor del manga, anime, cultura japonesa, videojuegos y tecnolog\u00eda.<\/strong><\/div>\n<div><strong><strong><span style=\"color: #222222; font-family: Arial;\"><br \/>\n<\/span><span style=\"font-family: Times New Roman; font-size: small;\"><img loading=\"lazy\" decoding=\"async\" src=\"https:\/\/lh6.googleusercontent.com\/TckVfcFtP66zb7eNC8-EBaGoPMSJmT-bAft8MPsiptHZopDpG0pDr4YBkvvbMvoRnPkHYwsrfNRVZARaa-kCKzwyZPTzUFSUXqQMJbthPw3xasDCgkw\" alt=\"\" width=\"427\" height=\"605\" \/><\/span><\/strong><\/strong>El Japan Weekend Madrid es el evento del mundo del manga y todos los aspectos que lo rodean. Esto se traduce en mucho manga y anime, videojuegos, tradici\u00f3n y cultura japonesa, superheroes, tecnolog\u00eda y cine pero sobretodo muchas actividades, concursos, juegos, cursos, talleres, exposiciones y conciertos. Todo en 2 d\u00ed\u00adas espectaculares, en los que no hay tiempo para aburrirse ni un s\u00f3lo segundo.<\/p>\n<\/div>\n<div><img decoding=\"async\" src=\"http:\/\/animefestival.asociacion-nippon.es\/images\/logo_japanmadness_v2.jpg\" alt=\"\" \/><\/div>\n<div>Llega a la <strong>VI Japan Weekend Madrid 2.0<\/strong> la segunda edici\u00f3n de un concurso que pretende hacer acopio de los grandes cert\u00e1menes que se celebran en todo el mundo relacionados con los AMV (Anime Music Video) y que bebe de los grandes trabajos que se pueden encontrar en la red. <strong>En colaboraci\u00f3n con Deculture.es presentamos Japan MADness, en una apuesta por vuestra creatividad, en esta ocasi\u00f3n, con vistas a vuestras habilidades audiovisuales en conjunto con vuestras series favoritas.<\/strong><\/div>\n<div><strong>\u00bfQu\u00e9 es un AMV?<\/strong> Pues es una composici\u00f3n audiovisual compuesta por diversas escenas de uno o varios anime, que va acompa\u00f1ada por m\u00fasica. Los mejores en esto de los AMVs se distinguen por ser capaces de lograr espectaculares v\u00eddeos totalmente sincronizados en v\u00eddeo y m\u00fasica, acompa\u00f1ados adem\u00e1s por efectos a libre disposici\u00f3n del creador. Todo vale mientras el trabajo sea original y te diviertas participando, que es, como siempre, lo m\u00e1s importante.<\/div>\n<div>Por nuestra parte, y pretendiendo recoger la esencia de los m\u00e1s grandes, hemos querido hacer acopio de la denominaci\u00f3n de AMV en japon\u00e9s, MAD, un t\u00e9rmino que copa las listas de Nico Nico Douga, el llamado \u201cYoutube japon\u00e9s\u201d y donde se pueden encontrar aut\u00e9nticas obras maestras en esto de los AMV. El plazo ya se ha abierto para esta nueva edici\u00f3n del Japan MADness y ya pod\u00e9is enviarnos vuestros trabajos originales, que ser\u00e1n proyectados durante la VI Japan Weekend Madrid 2.0, y donde adem\u00e1s coronaremos a un ganador que ser\u00e1 dotado con un estupendo pack de anime, manga y\/o merchandising valorado en 100\u20ac.<\/div>\n<div>Para participar tan solo tienes que seguir los pasos que ten\u00e9is en la p\u00e1gina del Anime Festival, formando el concurso parte de este, y una vez que tengas tu AMV listo rellena el formulario que encontrar\u00e1s en el site. \u00a1No lo dejes para el \u00faltimo momento!<\/div>\n<div>Pod\u00e9is acceder al formulario de inscripci\u00f3n a trav\u00e9s del siguiente enlace, ademas de la normativa detallada del concurso, a trav\u00e9s del siguiente enlace: <a href=\"http:\/\/animefestival.asociacion-nippon.es\/?p=56\">http:\/\/animefestival.asociacion-nippon.es\/?p=56<\/a><\/div>\n<div><strong id=\"internal-source-marker_0.6458857818506658\"><img loading=\"lazy\" decoding=\"async\" src=\"https:\/\/lh3.googleusercontent.com\/9gMG27HzWxRnMVJVYptQ5x1E-sEiPMGbBmPDh0VXjy8Fiq2SDko7WDMK1TcfTLLMYTSdHTj9quA81ePncPSJeCvRtwnHugENrPZoxeJsuddR8OxaiMJD\" alt=\"\" width=\"360\" height=\"324\" \/><\/strong><\/div>\n<div>\n<div><span style=\"font-family: Times New Roman; font-size: small;\">Los Premios Anime Festival nacen con la intenci\u00f3n de reconocer el trabajo que realizan los creadores de Anime, aquellas peque\u00f1as joyas, que muchas veces, nos pasan inadvertidas a nuestros ojos. Por primera vez en nuestro Pa\u00eds y en el Anime Festival, que se desarrollar\u00e1 en el VI Japan Weekend Madrid 2.0 de los d\u00edas el p\u00fablico tendr\u00e1 la capacidad de seleccionar el mejor anime de todos los cortos, OVA y pel\u00edculas que se proyectar\u00e1n, y dar una muestra de su reconocimiento a sus autores.<\/span><\/div>\n<div><span style=\"font-family: Times New Roman; font-size: small;\"><br \/>\n<\/span><\/div>\n<div><span style=\"font-family: Times New Roman; font-size: small;\">Para ello se  han creado las siguientes categor\u00edas de premios:<\/span><\/div>\n<div>\n<ul>\n<li>Mejor Anime<\/li>\n<li>Mejor Corto<\/li>\n<li>Premio Especial<\/li>\n<li>Premio del P\u00fablico<\/li>\n<li>Japan MADness<\/li>\n<\/ul>\n<\/div>\n<div><span style=\"font-family: Times New Roman; font-size: small;\">Las categor\u00edas de \u201cPremios del P\u00fablico\u201d y \u201cJapan MADness\u201d son especiales: la primera decide cu\u00e1l es el que merece ganar, vosotros, el p\u00fablico; y la segunda es para el mejor AMV del concurso hom\u00f3nimo \u201cJapan MADness\u201d.<\/span><\/div>\n<\/div>\n<div><span style=\"font-family: Times New Roman; font-size: small;\"><br \/>\n<\/span><\/div>\n<div><span style=\"font-family: Times New Roman; font-size: small;\">Todo los asistentes que deseen votar durante el evento en para la categor\u00eda \u00abPremio del P\u00fablico\u00bb deben registrarse de forma previa al VI Japan Weekend Madrid 2.0 a trav\u00e9s del formulario de inscripci\u00f3n que se encuentra en el siguiente enlace: <\/span><a href=\"http:\/\/animefestival.asociacion-nippon.es\/?page_id=170\">http:\/\/animefestival.asociacion-nippon.es\/?page_id=170<\/a><\/div>\n<div>Esperamos que esta iniciativa sea de vuestro agrado e inter\u00e9s.<\/div>\n","protected":false},"excerpt":{"rendered":"Los pr\u00f3ximos d\u00edas 22 y 23 de Septiembre de 2012 se celebrar\u00e1 la pr\u00f3xima edici\u00f3n de Japan Weekend Madrid, denominada \u00abVI Japan Weekend \n<a class=\"moretag\" href=\"https:\/\/www.televisionalternativa.es\/000\/?p=2997\"> [...]<\/a>","protected":false},"author":14,"featured_media":2998,"comment_status":"closed","ping_status":"closed","sticky":false,"template":"","format":"standard","meta":{"footnotes":""},"categories":[3,126],"tags":[326,446,174,403,165,340,209,208,297,85,404,166,243,82,402,111,212,169,224,280,327,447,164,247,214],"class_list":["post-2997","post","type-post","status-publish","format-standard","has-post-thumbnail","hentry","category-blog","category-vj","tag-alternativa","tag-comic","tag-consolas","tag-cosplay","tag-entretenimiento-2","tag-festival","tag-gamer","tag-games","tag-gaming","tag-internet","tag-japon","tag-juegos","tag-kinect","tag-madrid","tag-manga","tag-musica-2","tag-pc","tag-playstation","tag-ps3","tag-tecnologia-3","tag-television-2","tag-videogames","tag-videojuegos-3","tag-vita","tag-xbox-360"],"_links":{"self":[{"href":"https:\/\/www.televisionalternativa.es\/000\/index.php?rest_route=\/wp\/v2\/posts\/2997","targetHints":{"allow":["GET"]}}],"collection":[{"href":"https:\/\/www.televisionalternativa.es\/000\/index.php?rest_route=\/wp\/v2\/posts"}],"about":[{"href":"https:\/\/www.televisionalternativa.es\/000\/index.php?rest_route=\/wp\/v2\/types\/post"}],"author":[{"embeddable":true,"href":"https:\/\/www.televisionalternativa.es\/000\/index.php?rest_route=\/wp\/v2\/users\/14"}],"replies":[{"embeddable":true,"href":"https:\/\/www.televisionalternativa.es\/000\/index.php?rest_route=%2Fwp%2Fv2%2Fcomments&post=2997"}],"version-history":[{"count":5,"href":"https:\/\/www.televisionalternativa.es\/000\/index.php?rest_route=\/wp\/v2\/posts\/2997\/revisions"}],"predecessor-version":[{"id":5634,"href":"https:\/\/www.televisionalternativa.es\/000\/index.php?rest_route=\/wp\/v2\/posts\/2997\/revisions\/5634"}],"wp:featuredmedia":[{"embeddable":true,"href":"https:\/\/www.televisionalternativa.es\/000\/index.php?rest_route=\/wp\/v2\/media\/2998"}],"wp:attachment":[{"href":"https:\/\/www.televisionalternativa.es\/000\/index.php?rest_route=%2Fwp%2Fv2%2Fmedia&parent=2997"}],"wp:term":[{"taxonomy":"category","embeddable":true,"href":"https:\/\/www.televisionalternativa.es\/000\/index.php?rest_route=%2Fwp%2Fv2%2Fcategories&post=2997"},{"taxonomy":"post_tag","embeddable":true,"href":"https:\/\/www.televisionalternativa.es\/000\/index.php?rest_route=%2Fwp%2Fv2%2Ftags&post=2997"}],"curies":[{"name":"wp","href":"https:\/\/api.w.org\/{rel}","templated":true}]}}