{"id":2860,"date":"2012-08-23T21:15:50","date_gmt":"2012-08-23T21:15:50","guid":{"rendered":"http:\/\/www.televisionalternativa.es\/000\/?p=2860"},"modified":"2014-03-29T14:19:36","modified_gmt":"2014-03-29T14:19:36","slug":"el-15-de-septiembre-expocoruna-abrira-sus-puertas-con-amnesia-ibiza-festival","status":"publish","type":"post","link":"https:\/\/www.televisionalternativa.es\/000\/?p=2860","title":{"rendered":"El 15 de septiembre Expocoru\u00f1a abrir\u00e1 sus puertas  con Amnesia Ibiza Festival"},"content":{"rendered":"<table width=\"642\" border=\"0\" cellspacing=\"0\" cellpadding=\"0\" align=\"center\">\n<tbody>\n<tr>\n<td>\n<div align=\"center\"><a href=\"http:\/\/www.amnesiaibizafestival.com\" target=\"_blank\"><img decoding=\"async\" src=\"http:\/\/www.musikazepro.com\/upload\/usrs\/00053\/newsletterskin\/AIF.jpg\" alt=\"\" border=\"0\" \/><\/a><\/div>\n<div><center><br \/>\nEstrella Galicia y Ron Legendario protagonizan los stages de Amnesia Coru\u00f1a<\/center><\/p>\n<div>\n<p><strong>Expocoru\u00f1a <\/strong>cuenta ya semanas para su encuentro con <strong>Amnesia Ibiza Festival<\/strong>. Un proyecto que contin\u00faa la primera incursi\u00f3n de una marca internacional como Amnesia en el circuito clubbing del norte de Espa\u00f1a. <strong>El 15 de septiembre Expocoru\u00f1a<\/strong> abrir\u00e1 sus puertas para presentar un encuentro con artistas de primer nivel, que cerrar\u00e1n la temporada de verano por todo lo alto.<\/p>\n<p><strong>Amnesia Ibiza Festival<\/strong> ha preparado un line up de v\u00e9rtigo para una fiesta con m\u00e1s de diecisiete horas ininterrumpidas de m\u00fasica electr\u00f3nica a cargo de los artistas m\u00e1s importantes a nivel internacional. Artistas como <strong>Luciano o Loco Dice<\/strong>, que preparar\u00e1n un <strong>dj set B2B totalmente exclusivo<\/strong>, no han querido perderse compartir cartel con estrellas como <strong>Laurent Garnier, Surgeon, \u00d3scar Mulero, Alexander Kowalski o Paco Osuna<\/strong>, que entre otros muchos otros forman el cartel de Amnesia Ibiza Festival.<\/p>\n<p>El espacio de <strong>Expocoru\u00f1a<\/strong> presentar\u00e1 dos zonas diferenciadas en las que se ir\u00e1n sucediendo los sets de los artistas invitados. El <strong>primer \u00e1rea<\/strong> del Festival acoger\u00e1 los shows m\u00e1s esperados en el <strong>Escenario Estrella Galicia<\/strong>, por el que pasar\u00e1n el esperado set <strong>B2B de Luciano y Loco Dice, Laurent Garnier presents LBS, Paco Osuna, Uner, Andrea Oliva, Mayaam Nidam, Fabrizio Maurizi B2B Idriss D, Toni Varga, Mar T y Dj Ino<\/strong>.<\/p>\n<p>El <strong>segundo stage<\/strong> de Amnesia ser\u00e1 el <strong>Escenario Ron Legendario<\/strong>, y estar\u00e1 dedicado al techno en su mejor vertiente. Artistas como <strong>Ben Sims, \u00d3scar Mulero, Technasia, Surgeon o Alexander Kowalski<\/strong> protagonizar\u00e1n este segundo \u00e1rea con <strong>F\u00e9lix Kr\u00f6cher, Javy Union<\/strong> y un completo line up de djs y productores de la escena portuguesa como <strong>Freshkitos<\/strong>, o del circuito club nacional como <strong>Sergio Amaro, Rj Junior, Borka Pikallo, Jes\u00fas de la Cava o Paul Brown.<\/strong><\/p>\n<p><strong>Amnesia Ibiza Festival<\/strong> tiene ya todo listo para el arranque de un evento que dar\u00e1 mucho que hablar, donde se cuidar\u00e1n los detalles al m\u00e1ximo en cada uno de sus dos espacios que dividir\u00e1n el espacio del Palacio de Exposiciones de Coru\u00f1a. Expocoru\u00f1a ser\u00e1 testigo de un <strong>espect\u00e1culo visual totalmente innovador<\/strong> y acorde con un festival de estas dimensiones, que ya tuvo una gran repercusi\u00f3n en su primera convocatoria. <strong><\/strong><\/p>\n<p><strong>Amnesia Ibiza Festival ya tiene en marcha su nuevo website en www.amnesiaibizafestival.com. <\/strong><\/p>\n<p><strong>Entradas disponibles a trav\u00e9s de www.ticketmaster.com o Ticketbox.<\/strong> <strong><\/strong><\/p>\n<p><strong>Os esperamos en Expocoru\u00f1a el 15 de septiembre<\/strong><\/p>\n<\/div>\n<div align=\"center\"><a href=\"http:\/\/www.amnesiaibizafestval.com\" target=\"_blank\"><img decoding=\"async\" src=\"http:\/\/www.musikazepro.com\/phpThumb\/\/cache\/phpThumb_cache__inc__upload_usrs_00053_newsletters_Escenariosjpg_w570_q75.jpeg\" alt=\"\" width=\"570\" border=\"0\" \/><\/a><\/div>\n<\/div>\n<\/td>\n<\/tr>\n<\/tbody>\n<\/table>\n","protected":false},"excerpt":{"rendered":"Estrella Galicia y Ron Legendario protagonizan los stages de Amnesia Coru\u00f1a Expocoru\u00f1a cuenta ya semanas para su encuentro con Amnesia Ibiza Festival. Un \n<a class=\"moretag\" href=\"https:\/\/www.televisionalternativa.es\/000\/?p=2860\"> [...]<\/a>","protected":false},"author":14,"featured_media":2870,"comment_status":"closed","ping_status":"closed","sticky":false,"template":"","format":"standard","meta":{"footnotes":""},"categories":[3,71],"tags":[326,181,180,312,165,340,327],"class_list":["post-2860","post","type-post","status-publish","format-standard","has-post-thumbnail","hentry","category-blog","category-musica","tag-alternativa","tag-banda","tag-concierto","tag-conciertos","tag-entretenimiento-2","tag-festival","tag-television-2"],"_links":{"self":[{"href":"https:\/\/www.televisionalternativa.es\/000\/index.php?rest_route=\/wp\/v2\/posts\/2860","targetHints":{"allow":["GET"]}}],"collection":[{"href":"https:\/\/www.televisionalternativa.es\/000\/index.php?rest_route=\/wp\/v2\/posts"}],"about":[{"href":"https:\/\/www.televisionalternativa.es\/000\/index.php?rest_route=\/wp\/v2\/types\/post"}],"author":[{"embeddable":true,"href":"https:\/\/www.televisionalternativa.es\/000\/index.php?rest_route=\/wp\/v2\/users\/14"}],"replies":[{"embeddable":true,"href":"https:\/\/www.televisionalternativa.es\/000\/index.php?rest_route=%2Fwp%2Fv2%2Fcomments&post=2860"}],"version-history":[{"count":9,"href":"https:\/\/www.televisionalternativa.es\/000\/index.php?rest_route=\/wp\/v2\/posts\/2860\/revisions"}],"predecessor-version":[{"id":5641,"href":"https:\/\/www.televisionalternativa.es\/000\/index.php?rest_route=\/wp\/v2\/posts\/2860\/revisions\/5641"}],"wp:featuredmedia":[{"embeddable":true,"href":"https:\/\/www.televisionalternativa.es\/000\/index.php?rest_route=\/wp\/v2\/media\/2870"}],"wp:attachment":[{"href":"https:\/\/www.televisionalternativa.es\/000\/index.php?rest_route=%2Fwp%2Fv2%2Fmedia&parent=2860"}],"wp:term":[{"taxonomy":"category","embeddable":true,"href":"https:\/\/www.televisionalternativa.es\/000\/index.php?rest_route=%2Fwp%2Fv2%2Fcategories&post=2860"},{"taxonomy":"post_tag","embeddable":true,"href":"https:\/\/www.televisionalternativa.es\/000\/index.php?rest_route=%2Fwp%2Fv2%2Ftags&post=2860"}],"curies":[{"name":"wp","href":"https:\/\/api.w.org\/{rel}","templated":true}]}}