{"id":2831,"date":"2012-07-20T06:47:34","date_gmt":"2012-07-20T06:47:34","guid":{"rendered":"http:\/\/www.televisionalternativa.es\/000\/?p=2831"},"modified":"2014-03-29T14:19:37","modified_gmt":"2014-03-29T14:19:37","slug":"los-mercenarios-2-en-madrid","status":"publish","type":"post","link":"https:\/\/www.televisionalternativa.es\/000\/?p=2831","title":{"rendered":"LOS MERCENARIOS 2 EN MADRID"},"content":{"rendered":"<p><strong>Sylvester Stallone, Jason Statham, Jean Claude Van Damme y Dolph Lundgren<\/strong> presentar\u00e1n su pel\u00edcula en Madrid el lunes, d\u00eda <strong>6 de agosto<\/strong>.<\/p>\n<table width=\"100%\">\n<tbody>\n<tr>\n<td align=\"justify\">\n<p align=\"justify\">Sinopsis: Los Mercenarios han vuelto, y esta vez es personal\u2026<br \/>\nBarney Ross (<strong>Sylvester Stallone<\/strong>), Lee Christmas (<strong>Jason Statham<\/strong>), Yin Yang (<strong>Jet Li<\/strong>), Gunner Jensen (<strong>Dolph Lundgren<\/strong>), Toll Road (<strong>Randy Couture<\/strong>) y Hale Caesar (<strong>Terry Crews<\/strong>), con su miembro m\u00e1s reciente, Billy (<strong>Liam Hemsworth<\/strong>) se vuelven a reunir cuando Mr. Church (<strong>Bruce Willis<\/strong>) les encarga un trabajo en apariencia sencillo. Pero el plan sale mal y uno de sus miembros es cruelmente asesinado. Es entonces cuando el principal objetivo de los mercenarios ser\u00e1 la venganza. Y la van a buscar de la mejor forma que saben: al estilo Mercenarios.<\/p>\n<\/td>\n<\/tr>\n<tr>\n<td height=\"20\"><\/td>\n<\/tr>\n<tr>\n<td align=\"center\">\n<p align=\"center\"><strong><em>Los Mercenarios 2<\/em>, estreno en cines el 24 de agosto.<\/strong><\/p>\n<\/td>\n<\/tr>\n<\/tbody>\n<\/table>\n","protected":false},"excerpt":{"rendered":"Sylvester Stallone, Jason Statham, Jean Claude Van Damme y Dolph Lundgren presentar\u00e1n su pel\u00edcula en Madrid el lunes, d\u00eda 6 de agosto. Sinopsis: \n<a class=\"moretag\" href=\"https:\/\/www.televisionalternativa.es\/000\/?p=2831\"> [...]<\/a>","protected":false},"author":14,"featured_media":2832,"comment_status":"closed","ping_status":"closed","sticky":false,"template":"","format":"standard","meta":{"footnotes":""},"categories":[3,63],"tags":[326,198,64,340,82,67,327,396],"class_list":["post-2831","post","type-post","status-publish","format-standard","has-post-thumbnail","hentry","category-blog","category-cine","tag-alternativa","tag-cartelera","tag-cine-2","tag-festival","tag-madrid","tag-taquilla","tag-television-2","tag-verano"],"_links":{"self":[{"href":"https:\/\/www.televisionalternativa.es\/000\/index.php?rest_route=\/wp\/v2\/posts\/2831","targetHints":{"allow":["GET"]}}],"collection":[{"href":"https:\/\/www.televisionalternativa.es\/000\/index.php?rest_route=\/wp\/v2\/posts"}],"about":[{"href":"https:\/\/www.televisionalternativa.es\/000\/index.php?rest_route=\/wp\/v2\/types\/post"}],"author":[{"embeddable":true,"href":"https:\/\/www.televisionalternativa.es\/000\/index.php?rest_route=\/wp\/v2\/users\/14"}],"replies":[{"embeddable":true,"href":"https:\/\/www.televisionalternativa.es\/000\/index.php?rest_route=%2Fwp%2Fv2%2Fcomments&post=2831"}],"version-history":[{"count":3,"href":"https:\/\/www.televisionalternativa.es\/000\/index.php?rest_route=\/wp\/v2\/posts\/2831\/revisions"}],"predecessor-version":[{"id":2834,"href":"https:\/\/www.televisionalternativa.es\/000\/index.php?rest_route=\/wp\/v2\/posts\/2831\/revisions\/2834"}],"wp:featuredmedia":[{"embeddable":true,"href":"https:\/\/www.televisionalternativa.es\/000\/index.php?rest_route=\/wp\/v2\/media\/2832"}],"wp:attachment":[{"href":"https:\/\/www.televisionalternativa.es\/000\/index.php?rest_route=%2Fwp%2Fv2%2Fmedia&parent=2831"}],"wp:term":[{"taxonomy":"category","embeddable":true,"href":"https:\/\/www.televisionalternativa.es\/000\/index.php?rest_route=%2Fwp%2Fv2%2Fcategories&post=2831"},{"taxonomy":"post_tag","embeddable":true,"href":"https:\/\/www.televisionalternativa.es\/000\/index.php?rest_route=%2Fwp%2Fv2%2Ftags&post=2831"}],"curies":[{"name":"wp","href":"https:\/\/api.w.org\/{rel}","templated":true}]}}