{"id":2821,"date":"2012-07-19T06:46:07","date_gmt":"2012-07-19T06:46:07","guid":{"rendered":"http:\/\/www.televisionalternativa.es\/000\/?p=2821"},"modified":"2014-03-29T14:19:37","modified_gmt":"2014-03-29T14:19:37","slug":"dredd-triunfa-en-el-comic-con","status":"publish","type":"post","link":"https:\/\/www.televisionalternativa.es\/000\/?p=2821","title":{"rendered":"DREDD TRIUNFA EN EL COMIC-CON"},"content":{"rendered":"<table width=\"100%\">\n<tbody>\n<tr>\n<td align=\"justify\">\n<p align=\"justify\">El <strong>21 de septiembre, AURUM<\/strong> estrenar\u00e1 en cines <strong>DREDD<\/strong>, la nueva y esperada adaptaci\u00f3n en <strong>3D<\/strong> del popular c\u00f3mic <em>cyberpunk<\/em> creado por John Wagner y Carlos Ezquerra. <strong>Karl Urban<\/strong> (<em>Star Trek, Red, El Se\u00f1or de los Anillos<\/em>), <strong>Olivia Thrilby<\/strong> (<em>Sin compromiso, Juno, United 93<\/em>) y <strong>Lena Headley<\/strong> (<em>Juego de Tronos, El secreto de los hermanos Grimm, 300<\/em>) encabezan el reparto de esta historia futurista repleta de acci\u00f3n y violencia dirigida por <strong>Pete Travis<\/strong> (<em>En el punto de mira, Omagh<\/em>) y con gui\u00f3n de <strong>Alex Garland<\/strong> (<em>28 semanas despu\u00e9s, Sunshine, La playa<\/em>).<\/p>\n<\/td>\n<\/tr>\n<tr>\n<td height=\"20\"><\/td>\n<\/tr>\n<tr>\n<td align=\"justify\">\n<p align=\"justify\"><strong>DREDD<\/strong> se present\u00f3 la semana pasada en el <strong>Comic-Con<\/strong> de San Diego (EE.UU.) en medio de excelentes cr\u00edticas:<\/p>\n<\/td>\n<\/tr>\n<tr>\n<td height=\"20\"><\/td>\n<\/tr>\n<tr>\n<td align=\"justify\">\n<p align=\"justify\">\u201cTodos los que disfruten evadi\u00e9ndose y pasando un buen rato en el cine, van a flipar con esta pel\u00edcula.\u201d<\/p>\n<\/td>\n<\/tr>\n<tr>\n<td align=\"center\">\n<p align=\"center\"><strong>AIN\u00b4T IT COOL NEWS<\/strong><\/p>\n<\/td>\n<\/tr>\n<tr>\n<td height=\"20\"><\/td>\n<\/tr>\n<tr>\n<td align=\"justify\">\n<p align=\"justify\">\u201cEl 3D, por primera vez, realmente merece la pena: La acci\u00f3n literalmente explota en tu cara y est\u00e1 justificada. El mundo de Mega Ciudad Uno debe ser brutal para legitimar la extrema aplicaci\u00f3n de la ley representada por el Juez DREDD.\u201d<\/p>\n<\/td>\n<\/tr>\n<tr>\n<td align=\"center\">\n<p align=\"center\"><strong>IGN<\/strong><\/p>\n<\/td>\n<\/tr>\n<tr>\n<td height=\"20\"><\/td>\n<\/tr>\n<tr>\n<td align=\"justify\">\n<p align=\"justify\">\u201cLos fans del c\u00f3mic y los de las pel\u00edculas de acci\u00f3n pueden estar entusiasmados. El director Pete Travis lleva a este h\u00e9roe post-apocal\u00edptico a un l\u00edmite pocas veces visto en el cine.\u201d<\/p>\n<\/td>\n<\/tr>\n<tr>\n<td align=\"center\">\n<p align=\"center\"><strong>JOBLO<\/strong><\/p>\n<\/td>\n<\/tr>\n<tr>\n<td height=\"20\"><\/td>\n<\/tr>\n<tr>\n<td align=\"justify\">\n<p align=\"justify\">\u201cGarland y Travis han creado una maravillosa y a la vez horrible visi\u00f3n de un futuro dist\u00f3pico donde monol\u00edticas torres de viviendas son controladas por mafias criminales y la ley y el orden son aplicados por estos jueces, jurados y ejecutores: Los Jueces.\u201d<\/p>\n<\/td>\n<\/tr>\n<tr>\n<td align=\"center\">\n<p align=\"center\"><strong>TOTAL FILM<\/strong><\/p>\n<\/td>\n<\/tr>\n<tr>\n<td height=\"40\"><\/td>\n<\/tr>\n<tr>\n<td align=\"center\">\n<p align=\"center\"><strong><em>DREDD<\/em>, estreno en cines el 21 de septiembre.<\/strong><\/p>\n<\/td>\n<\/tr>\n<\/tbody>\n<\/table>\n","protected":false},"excerpt":{"rendered":"El 21 de septiembre, AURUM estrenar\u00e1 en cines DREDD, la nueva y esperada adaptaci\u00f3n en 3D del popular c\u00f3mic cyberpunk creado por John \n<a class=\"moretag\" href=\"https:\/\/www.televisionalternativa.es\/000\/?p=2821\"> [...]<\/a>","protected":false},"author":14,"featured_media":2822,"comment_status":"closed","ping_status":"closed","sticky":false,"template":"","format":"standard","meta":{"footnotes":""},"categories":[3,63],"tags":[326,198,64,165,327],"class_list":["post-2821","post","type-post","status-publish","format-standard","has-post-thumbnail","hentry","category-blog","category-cine","tag-alternativa","tag-cartelera","tag-cine-2","tag-entretenimiento-2","tag-television-2"],"_links":{"self":[{"href":"https:\/\/www.televisionalternativa.es\/000\/index.php?rest_route=\/wp\/v2\/posts\/2821","targetHints":{"allow":["GET"]}}],"collection":[{"href":"https:\/\/www.televisionalternativa.es\/000\/index.php?rest_route=\/wp\/v2\/posts"}],"about":[{"href":"https:\/\/www.televisionalternativa.es\/000\/index.php?rest_route=\/wp\/v2\/types\/post"}],"author":[{"embeddable":true,"href":"https:\/\/www.televisionalternativa.es\/000\/index.php?rest_route=\/wp\/v2\/users\/14"}],"replies":[{"embeddable":true,"href":"https:\/\/www.televisionalternativa.es\/000\/index.php?rest_route=%2Fwp%2Fv2%2Fcomments&post=2821"}],"version-history":[{"count":4,"href":"https:\/\/www.televisionalternativa.es\/000\/index.php?rest_route=\/wp\/v2\/posts\/2821\/revisions"}],"predecessor-version":[{"id":5648,"href":"https:\/\/www.televisionalternativa.es\/000\/index.php?rest_route=\/wp\/v2\/posts\/2821\/revisions\/5648"}],"wp:featuredmedia":[{"embeddable":true,"href":"https:\/\/www.televisionalternativa.es\/000\/index.php?rest_route=\/wp\/v2\/media\/2822"}],"wp:attachment":[{"href":"https:\/\/www.televisionalternativa.es\/000\/index.php?rest_route=%2Fwp%2Fv2%2Fmedia&parent=2821"}],"wp:term":[{"taxonomy":"category","embeddable":true,"href":"https:\/\/www.televisionalternativa.es\/000\/index.php?rest_route=%2Fwp%2Fv2%2Fcategories&post=2821"},{"taxonomy":"post_tag","embeddable":true,"href":"https:\/\/www.televisionalternativa.es\/000\/index.php?rest_route=%2Fwp%2Fv2%2Ftags&post=2821"}],"curies":[{"name":"wp","href":"https:\/\/api.w.org\/{rel}","templated":true}]}}