{"id":2806,"date":"2012-07-17T06:13:34","date_gmt":"2012-07-17T06:13:34","guid":{"rendered":"http:\/\/www.televisionalternativa.es\/000\/?p=2806"},"modified":"2014-03-29T14:19:38","modified_gmt":"2014-03-29T14:19:38","slug":"george-benson-inaugura-starlite-festival","status":"publish","type":"post","link":"https:\/\/www.televisionalternativa.es\/000\/?p=2806","title":{"rendered":"GEORGE BENSON INAUGURA STARLITE FESTIVAL"},"content":{"rendered":"<div style=\"text-align: left;\" align=\"center\"><strong>LA COSTA DEL SOL SE VUELCA EN EL ARRANQUE DE ESTE EVENTO \u00daNICO<\/strong><strong> QUE EN SU PRIMERA NOCHE CUELGA EL CARTEL DE \u201cLLENO TOTAL\u201d<\/strong><\/div>\n<p>Starlite Festival comienza con el concierto de George Benson. Tres mil personas han llenado el auditorio de Marbella disfrutando durante dos horas de una actuaci\u00f3n musical inigualable de la mano de la gran leyenda viva del Jazz.<\/p>\n<div>El de Pittsburgh convenci\u00f3, y conect\u00f3 con un p\u00fablico entregado al que regal\u00f3\u00a0un recorrido por toda su carrera con temas tan conocidos como \u201cKisses in the Moonlight\u201d,\u00a0\u201cOn Broadway\u201d, \u201cNothings Gonna Change my Love for You\u201d o \u201cGive me the Night\u201d tema que puso la grada en pi\u00e9, haciendo bailar y cantar a todos los asistentes.<\/div>\n<div>La genialidad del artista, ganador de diez premios Grammy, unida a la inigualable ac\u00fastica de la cantera de Marbella ha tenido como resultado un concierto inolvidable.<\/div>\n<div>La fiesta posterior al concierto en el Starlite Lounge ha resultado un \u00e9xito: el chef Paco Roncero hizo las delicias de los asistentes con sus tapas de El Bulli Catering, mientras diferentes actuaciones se suced\u00edan cada hora para disfrute de un p\u00fablico entregado. Los mejores DJ\u00b4s han subido la temperatura animando a los asistentes que no han parado de bailar.<\/div>\n<div>Carmen Lomana, Estefania Luik, Arancha de Benito, Luis del Olmo, Pepe Navarro, Manolo Santana, Nuria March, Beatrice d\u2019Orl\u00e9ans,\u00a0Gunila Von Bismacrk con Luis Ortiz, son s\u00f3lo algunas de las caras conocidas que han subido a La Cantera de Nag\u00fceles para disfrutar de esta inauguraci\u00f3n de lujo.<\/div>\n<p>No falt\u00f3 nadie. La Costa del Sol recibi\u00f3 entusiasmada el pistoletazo de salida de Starlite Festival, el primer festival gastron\u00f3mico y sonoro,\u00a0que ya promete convertirse en la cita imprescindible del verano.<\/p>\n","protected":false},"excerpt":{"rendered":"LA COSTA DEL SOL SE VUELCA EN EL ARRANQUE DE ESTE EVENTO \u00daNICO QUE EN SU PRIMERA NOCHE CUELGA EL CARTEL DE \u201cLLENO \n<a class=\"moretag\" href=\"https:\/\/www.televisionalternativa.es\/000\/?p=2806\"> [...]<\/a>","protected":false},"author":14,"featured_media":2807,"comment_status":"closed","ping_status":"closed","sticky":false,"template":"","format":"standard","meta":{"footnotes":""},"categories":[3,71],"tags":[326,180,312,165,340,85,327,396],"class_list":["post-2806","post","type-post","status-publish","format-standard","has-post-thumbnail","hentry","category-blog","category-musica","tag-alternativa","tag-concierto","tag-conciertos","tag-entretenimiento-2","tag-festival","tag-internet","tag-television-2","tag-verano"],"_links":{"self":[{"href":"https:\/\/www.televisionalternativa.es\/000\/index.php?rest_route=\/wp\/v2\/posts\/2806","targetHints":{"allow":["GET"]}}],"collection":[{"href":"https:\/\/www.televisionalternativa.es\/000\/index.php?rest_route=\/wp\/v2\/posts"}],"about":[{"href":"https:\/\/www.televisionalternativa.es\/000\/index.php?rest_route=\/wp\/v2\/types\/post"}],"author":[{"embeddable":true,"href":"https:\/\/www.televisionalternativa.es\/000\/index.php?rest_route=\/wp\/v2\/users\/14"}],"replies":[{"embeddable":true,"href":"https:\/\/www.televisionalternativa.es\/000\/index.php?rest_route=%2Fwp%2Fv2%2Fcomments&post=2806"}],"version-history":[{"count":10,"href":"https:\/\/www.televisionalternativa.es\/000\/index.php?rest_route=\/wp\/v2\/posts\/2806\/revisions"}],"predecessor-version":[{"id":5650,"href":"https:\/\/www.televisionalternativa.es\/000\/index.php?rest_route=\/wp\/v2\/posts\/2806\/revisions\/5650"}],"wp:featuredmedia":[{"embeddable":true,"href":"https:\/\/www.televisionalternativa.es\/000\/index.php?rest_route=\/wp\/v2\/media\/2807"}],"wp:attachment":[{"href":"https:\/\/www.televisionalternativa.es\/000\/index.php?rest_route=%2Fwp%2Fv2%2Fmedia&parent=2806"}],"wp:term":[{"taxonomy":"category","embeddable":true,"href":"https:\/\/www.televisionalternativa.es\/000\/index.php?rest_route=%2Fwp%2Fv2%2Fcategories&post=2806"},{"taxonomy":"post_tag","embeddable":true,"href":"https:\/\/www.televisionalternativa.es\/000\/index.php?rest_route=%2Fwp%2Fv2%2Ftags&post=2806"}],"curies":[{"name":"wp","href":"https:\/\/api.w.org\/{rel}","templated":true}]}}