{"id":2792,"date":"2012-07-13T06:39:15","date_gmt":"2012-07-13T06:39:15","guid":{"rendered":"http:\/\/www.televisionalternativa.es\/000\/?p=2792"},"modified":"2014-03-29T14:19:38","modified_gmt":"2014-03-29T14:19:38","slug":"os-resentidos-on-tou%e2%80%8br-gira-a-tribo-tod%e2%80%8ba-baila","status":"publish","type":"post","link":"https:\/\/www.televisionalternativa.es\/000\/?p=2792","title":{"rendered":"Os Resentidos On Tou\u200br. Gira \u00abA Tribo Tod\u200ba Baila\u00bb."},"content":{"rendered":"<p align=\"justify\"><span style=\"font-family: Arial;\">Os Resentidos, <strong>el grupo de rock en gallego m\u00e1s influyente de la historia<\/strong>, cumple 30 a\u00f1os y lo celebra con un gran concierto en el que no faltan ni los grandes \u00e9xitos ni las peque\u00f1as joyas escondidas en los pliegues de su discograf\u00eda. Una fiesta en al que el p\u00fablico de todas las edades no deja de bailar ni de corear a pleno pulm\u00f3n versos tan m\u00edticos como el <em>Galicia can\u00edbal: Fai un sol de carallo<\/em>.<\/span><\/p>\n<p align=\"justify\"><span style=\"font-family: Arial;\"><strong>Miles de personas se han sumado ya a la Tribu Resentida<\/strong>, capitaneados por Ant\u00f3n Reixa (voz), Rub\u00e9n Losada (saxo) y Javier Soto (guitarra), miembros de la formaci\u00f3n original. Os Resentidos se volvieron a subir al escenario juntos por primera vez en 18 a\u00f1os el pasado 12 de mayo en Ourense y el \u00e9xito de convocatoria los lleva ahora a repetir la experiencia en el resto del Estado. Una ocasi\u00f3n irrepetible para disfrutar de lo mejor de la escena musical contempor\u00e1nea de Galicia junto con <strong>el grupo que marc\u00f3 a toda una generaci\u00f3n<\/strong>. Una fiesta que en cada ciudad congregar\u00e1 a una tribu ansiosa por bailar, <em>tac\u00f3n, tac\u00f3n, tac\u00f3n punta tac\u00f3n!<\/em><\/span><\/p>\n","protected":false},"excerpt":{"rendered":"Os Resentidos, el grupo de rock en gallego m\u00e1s influyente de la historia, cumple 30 a\u00f1os y lo celebra con un gran concierto \n<a class=\"moretag\" href=\"https:\/\/www.televisionalternativa.es\/000\/?p=2792\"> [...]<\/a>","protected":false},"author":14,"featured_media":2793,"comment_status":"closed","ping_status":"closed","sticky":false,"template":"","format":"standard","meta":{"footnotes":""},"categories":[3,71],"tags":[326,180,312,165,340,111,68,327],"class_list":["post-2792","post","type-post","status-publish","format-standard","has-post-thumbnail","hentry","category-blog","category-musica","tag-alternativa","tag-concierto","tag-conciertos","tag-entretenimiento-2","tag-festival","tag-musica-2","tag-noticias","tag-television-2"],"_links":{"self":[{"href":"https:\/\/www.televisionalternativa.es\/000\/index.php?rest_route=\/wp\/v2\/posts\/2792","targetHints":{"allow":["GET"]}}],"collection":[{"href":"https:\/\/www.televisionalternativa.es\/000\/index.php?rest_route=\/wp\/v2\/posts"}],"about":[{"href":"https:\/\/www.televisionalternativa.es\/000\/index.php?rest_route=\/wp\/v2\/types\/post"}],"author":[{"embeddable":true,"href":"https:\/\/www.televisionalternativa.es\/000\/index.php?rest_route=\/wp\/v2\/users\/14"}],"replies":[{"embeddable":true,"href":"https:\/\/www.televisionalternativa.es\/000\/index.php?rest_route=%2Fwp%2Fv2%2Fcomments&post=2792"}],"version-history":[{"count":3,"href":"https:\/\/www.televisionalternativa.es\/000\/index.php?rest_route=\/wp\/v2\/posts\/2792\/revisions"}],"predecessor-version":[{"id":2795,"href":"https:\/\/www.televisionalternativa.es\/000\/index.php?rest_route=\/wp\/v2\/posts\/2792\/revisions\/2795"}],"wp:featuredmedia":[{"embeddable":true,"href":"https:\/\/www.televisionalternativa.es\/000\/index.php?rest_route=\/wp\/v2\/media\/2793"}],"wp:attachment":[{"href":"https:\/\/www.televisionalternativa.es\/000\/index.php?rest_route=%2Fwp%2Fv2%2Fmedia&parent=2792"}],"wp:term":[{"taxonomy":"category","embeddable":true,"href":"https:\/\/www.televisionalternativa.es\/000\/index.php?rest_route=%2Fwp%2Fv2%2Fcategories&post=2792"},{"taxonomy":"post_tag","embeddable":true,"href":"https:\/\/www.televisionalternativa.es\/000\/index.php?rest_route=%2Fwp%2Fv2%2Ftags&post=2792"}],"curies":[{"name":"wp","href":"https:\/\/api.w.org\/{rel}","templated":true}]}}