{"id":2781,"date":"2012-07-13T06:24:07","date_gmt":"2012-07-13T06:24:07","guid":{"rendered":"http:\/\/www.televisionalternativa.es\/000\/?p=2781"},"modified":"2014-03-29T14:19:38","modified_gmt":"2014-03-29T14:19:38","slug":"007-ya-tiene-su-oficial-de-intendencia","status":"publish","type":"post","link":"https:\/\/www.televisionalternativa.es\/000\/?p=2781","title":{"rendered":"007 YA TIENE SU OFICIAL DE INTENDENCIA:"},"content":{"rendered":"<p>Michael G. Wilson and Barbara Broccoli, productores de <em>SKYFALL\u2122<\/em>, la 23\u00aa aventura de James Bond, han anunciado hoy que vuelve a la franquicia de Bond el personaje de Q, confirmando que el papel ser\u00e1 interpretado por Ben Whishaw.<\/p>\n<div><\/div>\n<div>De esta manera Whishaw se convierte en el cuarto actor que da vida al oficial de intendencia del MI6, conocido cari\u00f1osamente como Q. El papel comenz\u00f3 de la mano de Peter Burton, como el Mayor Boothroyd, en<em> Agente<\/em> <em>007 contra el<\/em> <em>Doctor \u00a0No,<\/em> seguido de Desmon Llewelyn (en 17 pel\u00edculas de Bond, entre 1963 y 1999), siendo posteriormente John Cleese quien tom\u00f3 el relevo (primero como R, el asistente de Q, en <em>El Mundo nunca es suficiente, <\/em>y posteriormente ascendido a Q en <em>Muere otro d\u00eda).<\/em><\/div>\n<div><\/div>\n<div>\u00a0Los productores Wilson y Broccoli han comentado \u201ces emocionante confirmar el regreso de Q en SKYFALL<em>\u2122, <\/em>interpretado por el enormemente talentoso actor, Ben Whishaw. Estamos encantados de tener de vuelta en la saga a este personaje tan querido por todos.\u201d<\/div>\n<div><\/div>\n<div><strong>Daniel Craig<\/strong> regresa como James Bond, \u00a0el agente creado por Ian Fleming, en la 23\u00aa aventura de la m\u00e1s longeva franquicia de todos los tiempos. En SKYFALL, la lealtad de James Bond para con M se pone a prueba mientras el pasado de \u00e9sta la acecha. \u00a0El MI6 es atacado y el agente 007 debe rastrear y destruir la amenaza, sin importar sus costes personales. SKYFALL, de EON Productions de Albert R. Broccoli, Metro-Goldwyn-Mayer Studios y Sony Pictures Entertainment, est\u00e1 dirigida por el ganador del Oscar\u00ae Sam Mendes y producida por Michael G. Wilson y Barbara Broccoli. El gui\u00f3n corre a cargo de Neal Purvis &amp; Robert Wade y John Logan.<\/div>\n<div><\/div>\n<div>A <strong>Ben Whishaw<\/strong> le veremos a final de a\u00f1o en <em>Cloud Atlas<\/em>, junto a un gran elenco de actores entre los que se encuentran Tom Hanks, Jim Sturgess y Halle Berry. Tambi\u00e9n participar\u00e1 en la producci\u00f3n de la BBC, \u201cRichard II\u201d. Adem\u00e1s estar\u00e1 presente en la serie de la BBC, \u201cThe Hour\u201d, en la cual trabajar\u00e1 junto a Dominic West y Romola Garia. Ha participado tambi\u00e9n en producciones como <em>Bright Star<\/em>, <em>The Tempest<\/em>, <em>El regreso a Brideshead<\/em><em>, I\u2019m Not There, Stoned, Layer Cake: Crimen Organizado, El intruso, The Trench y Mauvaise Pass\u00e9<\/em>. Y ha representado papeles protagonistas en <em>My\u00a0Brother Tom<\/em> y <em>El Perfume, <\/em>esta \u00faltima junto a Alan Rickman y Dustin Hoffman. Para televisi\u00f3n tambi\u00e9n ha aparecido en la popular serie de la BBC \u201cCriminal Justice\u201d, que le sirvi\u00f3 para ganar el premio al mejor actor en 2009 por la Royal Television Society, el premio Emmy al mejor actor en 2009 y la nominaci\u00f3n al mejor actor en los premios BAFTA de Televisi\u00f3n en 2009. Sus numerosos papeles en obras de teatro brit\u00e1nicas incluyen t\u00edtulos como \u201cThe idiot\u201d, \u201cCock\u201d, The Seagull, \u201cHamlet\u201d (por la cual recibi\u00f3 una nominaci\u00f3n a los premios Oliver) y \u201cHis Dark Materials\u201d. Tambi\u00e9n aparecer\u00e1 el pr\u00f3ximo a\u00f1o en la producci\u00f3n de Michael Grandage, \u201cPeter and Alice\u201d, enfrent\u00e1ndose a Judi Dench. En 2007 fue nominado a actor revelaci\u00f3n en los BAFTA.<\/div>\n","protected":false},"excerpt":{"rendered":"Michael G. Wilson and Barbara Broccoli, productores de SKYFALL\u2122, la 23\u00aa aventura de James Bond, han anunciado hoy que vuelve a la franquicia \n<a class=\"moretag\" href=\"https:\/\/www.televisionalternativa.es\/000\/?p=2781\"> [...]<\/a>","protected":false},"author":14,"featured_media":2782,"comment_status":"closed","ping_status":"closed","sticky":false,"template":"","format":"standard","meta":{"footnotes":""},"categories":[3,63],"tags":[326,198,64,82,68,67,327],"class_list":["post-2781","post","type-post","status-publish","format-standard","has-post-thumbnail","hentry","category-blog","category-cine","tag-alternativa","tag-cartelera","tag-cine-2","tag-madrid","tag-noticias","tag-taquilla","tag-television-2"],"_links":{"self":[{"href":"https:\/\/www.televisionalternativa.es\/000\/index.php?rest_route=\/wp\/v2\/posts\/2781","targetHints":{"allow":["GET"]}}],"collection":[{"href":"https:\/\/www.televisionalternativa.es\/000\/index.php?rest_route=\/wp\/v2\/posts"}],"about":[{"href":"https:\/\/www.televisionalternativa.es\/000\/index.php?rest_route=\/wp\/v2\/types\/post"}],"author":[{"embeddable":true,"href":"https:\/\/www.televisionalternativa.es\/000\/index.php?rest_route=\/wp\/v2\/users\/14"}],"replies":[{"embeddable":true,"href":"https:\/\/www.televisionalternativa.es\/000\/index.php?rest_route=%2Fwp%2Fv2%2Fcomments&post=2781"}],"version-history":[{"count":3,"href":"https:\/\/www.televisionalternativa.es\/000\/index.php?rest_route=\/wp\/v2\/posts\/2781\/revisions"}],"predecessor-version":[{"id":2784,"href":"https:\/\/www.televisionalternativa.es\/000\/index.php?rest_route=\/wp\/v2\/posts\/2781\/revisions\/2784"}],"wp:featuredmedia":[{"embeddable":true,"href":"https:\/\/www.televisionalternativa.es\/000\/index.php?rest_route=\/wp\/v2\/media\/2782"}],"wp:attachment":[{"href":"https:\/\/www.televisionalternativa.es\/000\/index.php?rest_route=%2Fwp%2Fv2%2Fmedia&parent=2781"}],"wp:term":[{"taxonomy":"category","embeddable":true,"href":"https:\/\/www.televisionalternativa.es\/000\/index.php?rest_route=%2Fwp%2Fv2%2Fcategories&post=2781"},{"taxonomy":"post_tag","embeddable":true,"href":"https:\/\/www.televisionalternativa.es\/000\/index.php?rest_route=%2Fwp%2Fv2%2Ftags&post=2781"}],"curies":[{"name":"wp","href":"https:\/\/api.w.org\/{rel}","templated":true}]}}