{"id":2755,"date":"2012-07-06T06:14:52","date_gmt":"2012-07-06T06:14:52","guid":{"rendered":"http:\/\/www.televisionalternativa.es\/000\/?p=2755"},"modified":"2014-03-29T14:19:39","modified_gmt":"2014-03-29T14:19:39","slug":"up-club-en-sala-marco-aldany-julio-2012","status":"publish","type":"post","link":"https:\/\/www.televisionalternativa.es\/000\/?p=2755","title":{"rendered":"UP Club en Sala Marco Aldany  &#8211; Julio 2012"},"content":{"rendered":"<p><strong>Up<\/strong> presenta su programaci\u00f3n para el <strong>mes de julio<\/strong>. Un mes en el que comienza la ubicaci\u00f3n del club en el espacio de la <strong>Sala Marco Aldany<\/strong>. Un espacio m\u00e1s amplio a su habitual sede en Pirandello 1, que acoger\u00e1 la programaci\u00f3n de la sesi\u00f3n durante los <strong>meses de julio, agosto y septiembre<\/strong>.<\/p>\n<p>Up contar\u00e1 con esta nueva sede por la que pasar\u00e1 la programaci\u00f3n habitual del club. Un calendario con un denominador com\u00fan, la electr\u00f3nica de calidad. <strong><\/strong><\/p>\n<p><strong>Marc Antona<\/strong> ser\u00e1 el artista invitado en la primera sesi\u00f3n en la Sala Marco Aldany. Este pr\u00f3ximo <strong>viernes 6<\/strong>, los sonidos minimal techno de uno de los artistas m\u00e1s valorados del sello Dissonat ocupar\u00e1n Up Club. Una noche de inauguraci\u00f3n que no puedes perderte.<\/p>\n<p>La gallega <strong>Cora Novoa<\/strong> protagonizar\u00e1 el <strong>viernes 13<\/strong> en Up Club. Una artista que, pese a su corta trayectoria, ya se ha hecho un hueco en la escena nacional, como una de las apuestas m\u00e1s seguidas en los \u00faltimos a\u00f1os. Una visita muy esperada en el club.<\/p>\n<p>El caracter\u00edstico sonido del sello Cadenza ocupar\u00e1 el club el <strong>viernes 20 de julio<\/strong>. <strong>Michel de Cleis<\/strong> es uno de los artistas imprescindibles en la armada del sello suizo. Trasladar\u00e1 a Up a una noche del verano de Ibiza a trav\u00e9s de su maleta. Up clausura el mes de julio con techno de manual.<\/p>\n<p>El <strong>viernes 27<\/strong> recibir\u00e1 a proyecto <strong>Pole Group<\/strong> en una noche en la que sus principales ide\u00f3logos, <strong>Christian W\u00fcnsch y Reeko<\/strong>, compartir\u00e1n cabina con uno de los grandes del g\u00e9nero, el productor brit\u00e1nico <strong>Regis<\/strong>.<\/p>\n<p>Un nuevo espacio que ha renovado su equipo de sonido especialmente para Up, incorporando unas nuevas pantallas de leds. El club del verano!<\/p>\n","protected":false},"excerpt":{"rendered":"Up presenta su programaci\u00f3n para el mes de julio. Un mes en el que comienza la ubicaci\u00f3n del club en el espacio de \n<a class=\"moretag\" href=\"https:\/\/www.televisionalternativa.es\/000\/?p=2755\"> [...]<\/a>","protected":false},"author":14,"featured_media":2756,"comment_status":"closed","ping_status":"closed","sticky":false,"template":"","format":"standard","meta":{"footnotes":""},"categories":[3,71],"tags":[326,181,180,312,82,111,68,327],"class_list":["post-2755","post","type-post","status-publish","format-standard","has-post-thumbnail","hentry","category-blog","category-musica","tag-alternativa","tag-banda","tag-concierto","tag-conciertos","tag-madrid","tag-musica-2","tag-noticias","tag-television-2"],"_links":{"self":[{"href":"https:\/\/www.televisionalternativa.es\/000\/index.php?rest_route=\/wp\/v2\/posts\/2755","targetHints":{"allow":["GET"]}}],"collection":[{"href":"https:\/\/www.televisionalternativa.es\/000\/index.php?rest_route=\/wp\/v2\/posts"}],"about":[{"href":"https:\/\/www.televisionalternativa.es\/000\/index.php?rest_route=\/wp\/v2\/types\/post"}],"author":[{"embeddable":true,"href":"https:\/\/www.televisionalternativa.es\/000\/index.php?rest_route=\/wp\/v2\/users\/14"}],"replies":[{"embeddable":true,"href":"https:\/\/www.televisionalternativa.es\/000\/index.php?rest_route=%2Fwp%2Fv2%2Fcomments&post=2755"}],"version-history":[{"count":4,"href":"https:\/\/www.televisionalternativa.es\/000\/index.php?rest_route=\/wp\/v2\/posts\/2755\/revisions"}],"predecessor-version":[{"id":2759,"href":"https:\/\/www.televisionalternativa.es\/000\/index.php?rest_route=\/wp\/v2\/posts\/2755\/revisions\/2759"}],"wp:featuredmedia":[{"embeddable":true,"href":"https:\/\/www.televisionalternativa.es\/000\/index.php?rest_route=\/wp\/v2\/media\/2756"}],"wp:attachment":[{"href":"https:\/\/www.televisionalternativa.es\/000\/index.php?rest_route=%2Fwp%2Fv2%2Fmedia&parent=2755"}],"wp:term":[{"taxonomy":"category","embeddable":true,"href":"https:\/\/www.televisionalternativa.es\/000\/index.php?rest_route=%2Fwp%2Fv2%2Fcategories&post=2755"},{"taxonomy":"post_tag","embeddable":true,"href":"https:\/\/www.televisionalternativa.es\/000\/index.php?rest_route=%2Fwp%2Fv2%2Ftags&post=2755"}],"curies":[{"name":"wp","href":"https:\/\/api.w.org\/{rel}","templated":true}]}}