{"id":2677,"date":"2012-06-02T22:52:36","date_gmt":"2012-06-02T22:52:36","guid":{"rendered":"http:\/\/www.televisionalternativa.es\/000\/?p=2677"},"modified":"2014-03-29T14:19:42","modified_gmt":"2014-03-29T14:19:42","slug":"festival-soy-cibelino-%e2%80%9cmusica-y-moda-para-gente-como-tu%e2%80%9d","status":"publish","type":"post","link":"https:\/\/www.televisionalternativa.es\/000\/?p=2677","title":{"rendered":"FESTIVAL SOY CIBELINO .\u201cMUSICA Y MODA PARA GENTE COMO T\u00da\u201d"},"content":{"rendered":"<p>Del 21 al 24 de junio, el Pabell\u00f3n 14.1 de la Feria de Madrid, escenario de las principales manifestaciones de moda de Espa\u00f1a, acoger\u00e1 la celebraci\u00f3n de un evento dirigido a los seguidores m\u00e1s j\u00f3venes de las \u00faltimas tendencias: el Festival Soy Cibelino. Con esta iniciativa, IFEMA canaliza el inter\u00e9s que han venido mostrando a lo largo de las \u00faltimas ediciones  de la pasarela madrile\u00f1a las nuevas generaciones por el mundo de dise\u00f1o, configurando un espacio de presentaci\u00f3n en el que la Moda y la M\u00fasica convivir\u00e1n para crear una gran fiesta del talento en ambas disciplinas creativas.<br \/>\nEl  Festival Soy Cibelino,  que toma su nombre de la exitosa red social SOY CIBELINO, con m\u00e1s 24.000 seguidores,  combinar\u00e1 una  amplia programaci\u00f3n de desfiles de colecciones de alumnos de escuelas de dise\u00f1o junto a otros  de tendencias protagonizadas por distintas marcas,  con un calendario de conciertos de j\u00f3venes talentos,  adem\u00e1s de numerosas actividades  y contenidos vinculados al dise\u00f1o de los videojuegos as\u00ed como a la animaci\u00f3n y a las nuevas tecnolog\u00edas.<br \/>\nPasarela del talento<\/p>\n<p>Con el Festival Soy Cibelino, Ifema cierra el c\u00edrculo de la creaci\u00f3n en el mundo de la moda, con la incorporaci\u00f3n ahora de los nuevos talentos de la moda, los futuros nombres del dise\u00f1o nacional e internacional, a la ya completa panor\u00e1mica de la moda en nuestro pa\u00eds, que ofrecen  dos veces al a\u00f1o las colecciones de los dise\u00f1adores consagrados en la Mercedes Benz Fashion Week de Madrid, y de los dise\u00f1adores emergentes en la plataforma EGO.<\/p>\n<p>Dos grandes  bloques troncales dar\u00e1n contenido a la programaci\u00f3n, que girar\u00e1 en torno a la Moda y la M\u00fasica bajo un novedoso concepto  que quiere poner en valor el joven talento creativo como hilo conductor del proyecto.<\/p>\n<p>Desfiles de Escuelas de Moda<\/p>\n<p>Las nuevas generaciones del dise\u00f1o internacional estar\u00e1n presentes en el Festival con los desfiles de los mejores trabajos de las escuelas de dise\u00f1o m\u00e1s importantes del mundo. Los desfiles se realizar\u00e1n en el mejor escenario posible, la Sala Cibeles, del pabell\u00f3n 14.1 de Feria de Madrid, la misma que habitualmente acoge en febrero y septiembre los desfiles de la pasarela madrile\u00f1a.<\/p>\n<p>El programa de Moda acoge, entre otras propuestas, la celebraci\u00f3n de ENTRAMADOS, iniciativa  promovida por ESNE, Universidad Oficial de Dise\u00f1o e Innovaci\u00f3n, que junto a otras actividades  traer\u00e1 a Madrid el d\u00eda 22 de junio la presentaci\u00f3n en pasarela de las  colecciones de los mejores alumnos de dise\u00f1o de ocho de las m\u00e1s prestigiosas Universidades de Moda del mundo como la Parsons, de Nueva York; la Central Saint Martins,  de Londres; el Istituto Marangoni, de Mil\u00e1n; la Shin Chien,  de Taipei; la Danish Design School, de Copenhague, o la ESMOD Design, de Berl\u00edn, entre otras. Asimismo, los diez mejores alumnos de ESNE protagonizar\u00e1n con sus propuestas de moda el desfile nacional de esta escuela, el dia 21 de junio.<\/p>\n<p>Por su parte,  el Istituto Europeo di Design, otra de las grandes escuelas internacionales de dise\u00f1o, con sede en distintas ciudades del mundo, realizar\u00e1 tambi\u00e9n en el Festival Soy Cibelino dos desfiles de presentaci\u00f3n de sus alumnos. As\u00ed, en la jornada del s\u00e1bado 23 de junio, a las  12.00 horas,  se mostrar\u00e1n en el \u201cIED Moda Lab Madrid.  COKNIT CONNECT. Best of 2007 \u2013 12   una recopilaci\u00f3n de los trabajos de los mejores alumnos de su sede en Madrid,  y a las 20.00 horas, bajo el t\u00edtulo \u201cIED MODA International Fashion Network-Best of 2012\u201d, las creaciones  de sus mejores alumnos de las  ciudades de los cinco continentes: Roma ,Mil\u00e1n ,Torino , Madrid , Barcelona y Sao Paulo. Todo ello supondr\u00e1 una oportunidad \u00fanica para apreciar el talento de una selecci\u00f3n de sus franquicias internacionales.<\/p>\n<p>Asimismo, junto a los desfiles de las escuelas de dise\u00f1o, la pasarela de moda del Festival Soy Cibelino acoger\u00e1 el s\u00e1bado 23, a las 18:30 horas,  el desfile de la marca espa\u00f1ola The Extreme Collection, conocida por su estilo cl\u00e1sico renovado y contempor\u00e1neo.  <\/p>\n<p>Propuestas de Academias de Moda<\/p>\n<p>El universo formativo de la moda y el dise\u00f1o se completa con la participaci\u00f3n de otros centros, como son Naba, Nuova Academia di bele Arti Milano,  y Domus Academy. <\/p>\n<p>NABA, Nuova Academia di bele Arti Milano, invita a los j\u00f3venes talentos espa\u00f1oles de la moda a asistir en su stand del Festival Soy Cibelino a un taller especial titulado \u00abPrep\u00e1rate para el look m\u00e1s cool del d\u00eda\u00bb. En el taller, Matteo Bardi (docente en NABA, estilista de moda, investigador de tendencias, fot\u00f3grafo y cazatendencias) guiar\u00e1 a los asistentes  trav\u00e9s de un repaso de los 30 looks m\u00e1s cool de las \u00faltimas ediciones de las pasarelas internacionales.<\/p>\n<p>Adem\u00e1s, este centro de estudios convoca a los j\u00f3venes a que vengan al festival vestidos  con su propio \u00ablook total\u00bb, para participar en una sesi\u00f3n fotogr\u00e1fica que se publicar\u00e1 en su p\u00e1gina de  facebook. El mejor look ser\u00e1 premiado con una Beca Total para uno de los Cursos de Verano de la NABA de dos semanas de duraci\u00f3n, que tendr\u00e1n lugar en Mil\u00e1n durante los meses de junio y julio de 2013.<\/p>\n<p>Por su parte, DOMUS ACADEMY , conocida por su labor formativa en el mundo del dise\u00f1o italiano, realizar\u00e1 en el Festival Soy Cibelino una charla coloquio los d\u00edas 22 y 23 de junio, titulada \u201cEntra por la puerta principal en el mundo de la moda\u201d, a cargo de  Natalia Vergara Mu\u00f1oz, la madrile\u00f1a ganadora del Triumph Award Italia 2011 y  ex alumna del master de accesorio de Domus Academy  que contar\u00e1 su experiencia de \u00e9xito y retos en Mil\u00e1n. Natalia dar\u00e1 a conocer, asimismo,  c\u00f3mo se desarrolla el posgrado de Domus Academy,  junto con Marzia Muscato, responsable admisiones Europa, que explicar\u00e1 la filosof\u00eda educativa de DA.\u00a0\u00a0\u00a0\u00a0<br \/>\nOtras presencias de Moda\u00a0\u00a0\u00a0\u00a0\u00a0\u00a0\u00a0\u00a0<br \/>\nTambi\u00e9n  tendr\u00e1n presencia marcas comerciales de moda que comparten los valores de un p\u00fablico joven, interesado en la moda y las nuevas tendencias. Este es el caso de Valecuatro , firma identificada con la pr\u00e1ctica de  Polo,  que presentar\u00e1 durante el festival su nueva colecci\u00f3n de bolsos. As\u00ed mismo, la marca Flores y Floreros  promocionar\u00e1 los dise\u00f1os de sus bailarinas de la colecci\u00f3n 2012 y ofrecer\u00e1 a los visitantes la posibilidad de comprar sus productos.<\/p>\n<p>Junto a todo ello, la Asociaci\u00f3n de Creadores Moda de Espa\u00f1a (ACME), integrada por gran parte de los dise\u00f1adores espa\u00f1oles m\u00e1s relevantes,  estar\u00e1 presente en el Festival Soy Cibelino. Desde su stand desarrollar\u00e1n diversas actividades informativas y divulgativas sobre ACME y su actividad y contar\u00e1 con la presencia de sus asociados en distintos momentos del Festival. Asimismo, su stand reunir\u00e1 productos de los dise\u00f1adores pertenecientes a esta asociaci\u00f3n, para su exposici\u00f3n y venta. <\/p>\n<p>Conciertos de j\u00f3venes promesas<\/p>\n<p>El car\u00e1cter l\u00fadico de este encuentro se ver\u00e1 apoyado adem\u00e1s por las actividades propuestas por diferentes colaboradores, como MAHOU CINCO ESTRELLAS, patrocinador principal del Festival Soy Cibelino y responsable de la programaci\u00f3n musical del evento. Su\u00a0 importante colaboraci\u00f3n en este proyecto pone de manifiesto el apoyo de la marca a los j\u00f3venes talentos no solo del mundo de la m\u00fasica, sino del dise\u00f1o y la creatividad espa\u00f1ola, promoviendo su difusi\u00f3n a trav\u00e9s de esta novedosa plataforma.<\/p>\n<p>Una de las dos pasarelas del recinto se reconvierte para el Festival Soy Cibelino, adoptando la forma de un moderno bar que acoger\u00e1 una amplia programaci\u00f3n de\u00a0 micro conciertos de media hora de duraci\u00f3n  con una nutrida participaci\u00f3n de\u00a0 j\u00f3venes promesas del panorama musical nacional. Adem\u00e1s, el p\u00fablico tendr\u00e1 la oportunidad de votar la actuaci\u00f3n que m\u00e1s le guste para decidir el nombre de la banda que pondr\u00e1 m\u00fasica a uno de los desfiles de la Pasarela Ego de septiembre. El pistoletazo de salida, el d\u00eda 21 de junio,\u00a0 lo dar\u00e1 la actuaci\u00f3n especial de El Pescao, como arranque del Festival. <\/p>\n<p>As\u00ed mismo, jugar\u00e1n un papel destacado los otros patrocinadores del evento, como es  FIAT, que acoger\u00e1 en su espacio la pista de baile HOT MIX de los 40 Principales. Durante  los d\u00edas de celebraci\u00f3n del Festival,  el stand de la marca italiana estar\u00e1 amenizado con la m\u00fasica de los djs de 40 PRINCIPALES HOT MIX, que pinchar\u00e1n los \u00e9xitos m\u00e1s r\u00edtmicos de los 40 Principales y remixes de los temas m\u00e1s populares para no parar de bailar. Los j\u00f3venes que pasen por el stand podr\u00e1n bailar al ritmo de esta m\u00fasica encima de una pista especial que genera energ\u00eda. Los dj\u2019s Hot Mix animar\u00e1n con su m\u00fasica a la gente que est\u00e9 en el stand para que baile y salte sobre la pista y as\u00ed genere energ\u00eda. De esta forma,  se ir\u00e1 cargando una pila que cuando llegue a la carga completa, lanzar\u00e1 una foto a los all\u00ed presentes que se podr\u00e1 ver en una pantalla.<br \/>\nPor otra parte, el s\u00e1bado 23, adem\u00e1s de bailar los \u00e9xitos HOT MIX sobre la pista que genera energ\u00eda con el dj de 40 Principales, Tony Aguilar, se podr\u00e1 disfrutar de un desfile de gogos de las mejores discotecas de Madrid con el look m\u00e1s juvenil y actual.<\/p>\n<p>A su vez, FIAT, marca de automoci\u00f3n inspirada en el dise\u00f1o y la tradici\u00f3n italiana, exhibir\u00e1 en el Festival Soy Cibelino los modelos Fiat Punto 2012, \u00a0Abarth Punto, Abarth 500 Vita\u00a0 y \u00a0varios \u00a0Fiat 500 . Adem\u00e1s como patrocinador del Festival desarrollar\u00e1 diversas acciones para que los visitantes interact\u00faen con la marca.<\/p>\n<p>C\u00f3smetica y belleza, qu\u00e9 se lleva y c\u00f3mo se lleva<\/p>\n<p>En el universo joven, la cosm\u00e9tica juega un papel fundamental. El p\u00fablico joven no  solo quiere saber qu\u00e9 se lleva, sino c\u00f3mo se lleva. Por ello, en el Festival Soy Cibelino todas las visitantes podr\u00e1n conocer de primera mano lo nuevo, a cargo de sus marcas de referencia y probarlo en ellas mismas con las manos expertas de profesionales reconocidos y habituales en las salas de peluquer\u00eda y maquillaje de las grandes pasarelas.<\/p>\n<p>MAYBELLINE NEW YORK  siempre en la vanguardia, unida al mundo de la moda a trav\u00e9s de sus productos que desprenden verdadero estilo neoyorkino, se une al Festival Soy Cibelino, donde  moda y m\u00fasica se unen con verdadera actitud de innovaci\u00f3n. Durante la celebraci\u00f3n esta firma, dinamizar\u00e1 su presencia como patrocinador del \u00e1rea de cosm\u00e9tica, mostrando su colecci\u00f3n 2012 y ofreciendo los trucos de belleza a cargo de sus expertos. Maybelline New York combina tecnolog\u00eda avanzada con estilo para crear cosm\u00e9ticos accesibles al p\u00fablico joven con un toque cool y urbano.<\/p>\n<p>Por su parte, el  equipo de profesionales de COOL , todo un referente de prestigio y buen hacer en el mundo de la belleza, est\u00e1 presente en el Festival Soy Cibelino, tanto en el \u00e1rea de stands &#8211; desde donde transmitir\u00e1n a todos los asistentes trucos de belleza-, como en el backstage de la pasarela.  Su amplia experiencia did\u00e1ctica y profesional con presencia en las salas de peluquer\u00eda y maquillaje de los backstage m\u00e1s prestigiosos, o como maquilladores de celebrities,  aportar\u00e1 al Festival Soy Cibelino el toque de glamour imprescindible en un evento de estas caracter\u00edsticas.<\/p>\n<p>Asimismo, las vanguardistas planchas para el cabello AGV,  y el innovador sistema Glossy Box y su propuesta de env\u00edo a domicilio de lo \u00faltimo en belleza, son otras marcas vinculadas a la belleza y la cosm\u00e9tica que participan en la primera edici\u00f3n del Festival Soy Cibelino y comparten su inter\u00e9s por asociarse al universo joven donde la moda y las nuevas tendencias ocupan un lugar clave.<\/p>\n<p>Dentro de este \u00e1mbito de belleza y salud, 02 Centro Wellness tambi\u00e9n comparte el inter\u00e9s de los j\u00f3venes por ofrecer un aspecto cuidado y potenciar h\u00e1bitos de vida saludables. Su stand en el Festival Soy Cibelino ofrece un completo recorrido de las actividades desarrolladas en sus centros.   As\u00ed, durante el Festival  realizar\u00e1n una  Master Class diaria,  de \u00a060 a 90 minutos de duraci\u00f3n, de cuatro disciplinas diferentes y realizar\u00e1n Talleres de Nutrici\u00f3n, sesiones de plataforma vibratoria,   masajes y asesoramiento de piel  diarios. Adem\u00e1s, distribuir\u00e1n tarjetas-regalo para algunos de sus  servicios;  invitaciones para disfrutar un D\u00eda WELLNESS, y sortear\u00e1n 3 anualidades (valoradas en 1.100 \u20ac cada una) y 3 Bonos Trimestrales (valorados en 300 \u20ac cada uno). <\/p>\n<p>Por su parte, Solan de Cabras, firma que una vez m\u00e1s vuelve a demostrar su compromiso con el mundo de la moda, ser\u00e1 Agua Oficial del Festival dotando de especial protagonismo al  refresco Bisol\u00e1n,  que podr\u00e1 disfrutarse en sus 4 sabores: naranja, multifruta, lim\u00f3n y manzana. Como novedad presentar\u00e1 sus nuevos formatos de 1 litro en los sabores de multifruta y lim\u00f3n.<\/p>\n<p>La actividad en el stand ser\u00e1 muy activa y contar\u00e1 con la intervenci\u00f3n de  un Dj pinchando lo \u00faltimo en m\u00fasica. Adem\u00e1s los j\u00f3venes podr\u00e1n saborear y  elegir aquel sabor que m\u00e1s le guste y participar en una actividad del espacio donde habr\u00e1 4 huecos representando la botella Bisol\u00e1n, en los que podr\u00e1n depositar la botella de Bisol\u00e1n en el sabor elegido y tomar parte\u00ed en el concurso \u201cElige tu sabor Bisol\u00e1n preferido\u201d. Tambi\u00e9n se podr\u00e1 elegir el mejor sabor de Bisol\u00e1n de forma on line a trav\u00e9s de FACEBOOK.COM\/SOLANDECABRAS <\/p>\n<p>Convenci\u00f3n de Bloggers<\/p>\n<p>Como no podr\u00eda ser de otra manera en un evento dirigido a j\u00f3venes, el Festival Soy Cibelino acoger\u00e1 dentro del programa de actividades Entramados de Esne, una convenci\u00f3n de bloggers de renombre. Precisamente, la creciente importancia del fen\u00f3meno blogger y su influencia en la comunicaci\u00f3n de masas actual ha llevado a organizar en el marco del Festival Soy Cibelino  este encuentro, donde se abordar\u00e1 la evoluci\u00f3n de este fen\u00f3meno  y su vinculaci\u00f3n con el mundo de la moda. Adem\u00e1s los bloggers invitados compartir\u00e1n con todos los asistentes sus conocimientos de estilo y nuevas tendencias. Este encuentro se desarrollar\u00e1  en la Sala de prensa del pabell\u00f3n 14.1 el jueves, 21 de junio.     <\/p>\n<p>\u00c1rea de Videojuegos y Animaci\u00f3n<\/p>\n<p>El Festival ha querido tambi\u00e9n dar protagonismo a las nuevas tendencias creativas en el \u00e1rea del dise\u00f1o  y desarrollo de Videojuegos, que contar\u00e1 con un espacio patrocinado por ESNE como parte del programa ENTRAMADOS.  M\u00e1s de 60 juegos y aplicaciones de los alumnos de ESNE del grado oficial en Dise\u00f1o y Desarrollo de Videojuegos, los 25 mejores cortometrajes de alumnos del grado Oficial en Dise\u00f1o Multimedia y gr\u00e1fico, y10 juegos y aplicaciones de 5 Universidades  internacionales, referetnes en videojuegos y animaci\u00f3n, se presentar\u00e1n en  un formato de gran pantalla en el marco del Festival. La presentaci\u00f3n se acompa\u00f1ar\u00e1 de una sesi\u00f3n de Speed Networking, as\u00ed como de un foro de empleo relacionado con esta \u00e1rea.<\/p>\n<p>Mesas Redondas<\/p>\n<p>Tambi\u00e9n como parte de los contenidos del programa ENTRAMADOS organizado por ESNE, se celebrar\u00e1n en el marco del Festival dos mesas redondas que pretenden poner de relieve la situaci\u00f3n actual de la relaci\u00f3n entre empresa y universidad en el sector de la moda, as\u00ed como analizar la internacionalizaci\u00f3n de la moda.<\/p>\n<p> Patrocinadores, colaboradores y marcas participantes<\/p>\n<p>La buena acogida del  proyecto FESTIVAL SOY CIBELINO se plasma en esta primera edici\u00f3n en los valiosos apoyos que ha recibido. Entre otros, MAHOU CINCO ESTRELLAS, como patrocinador principal, ser\u00e1 el encargado de dar contenido a la programaci\u00f3n de conciertos de M\u00fasica del Festival. Por su parte, entre otros patrocinadores, cuenta con la aportaci\u00f3n de  ESNE, Universidad Oficial de Dise\u00f1o e Innovaci\u00f3n, que pondr\u00e1 en escena en el marco del Festival su programa ENTRAMADOS en el que participan algunas de las m\u00e1s prestigiosas universidades de moda del mundo, adem\u00e1s de MAYBELLINE N.Y., FIAT, SOLAN DE CABRAS, y 40 PRINCIPALES, como media partner del Festival, que participa con atractivas actividades.  A ellos se suman entidades colaboradoras como el IED Moda Lab Madrid, que aportar\u00e1 una programaci\u00f3n de desfiles nacionales e internacionales; COOL la prestigiosa agencia de Peluquer\u00eda y Est\u00e9tica encargada de los desfiles de Moda del Festival, y ACME, la Asociaci\u00f3n  de Creadores de Moda de Espa\u00f1a, que apoyan esta iniciativa.<\/p>\n","protected":false},"excerpt":{"rendered":"Del 21 al 24 de junio, el Pabell\u00f3n 14.1 de la Feria de Madrid, escenario de las principales manifestaciones de moda de Espa\u00f1a, \n<a class=\"moretag\" href=\"https:\/\/www.televisionalternativa.es\/000\/?p=2677\"> [...]<\/a>","protected":false},"author":14,"featured_media":2678,"comment_status":"closed","ping_status":"closed","sticky":false,"template":"","format":"standard","meta":{"footnotes":""},"categories":[3,79,71],"tags":[326,180,312,165,81,85,166,82,401,1041,111,68,327,164],"class_list":["post-2677","post","type-post","status-publish","format-standard","has-post-thumbnail","hentry","category-blog","category-moda","category-musica","tag-alternativa","tag-concierto","tag-conciertos","tag-entretenimiento-2","tag-fashion","tag-internet","tag-juegos","tag-madrid","tag-maquillaje","tag-moda","tag-musica-2","tag-noticias","tag-television-2","tag-videojuegos-3"],"_links":{"self":[{"href":"https:\/\/www.televisionalternativa.es\/000\/index.php?rest_route=\/wp\/v2\/posts\/2677","targetHints":{"allow":["GET"]}}],"collection":[{"href":"https:\/\/www.televisionalternativa.es\/000\/index.php?rest_route=\/wp\/v2\/posts"}],"about":[{"href":"https:\/\/www.televisionalternativa.es\/000\/index.php?rest_route=\/wp\/v2\/types\/post"}],"author":[{"embeddable":true,"href":"https:\/\/www.televisionalternativa.es\/000\/index.php?rest_route=\/wp\/v2\/users\/14"}],"replies":[{"embeddable":true,"href":"https:\/\/www.televisionalternativa.es\/000\/index.php?rest_route=%2Fwp%2Fv2%2Fcomments&post=2677"}],"version-history":[{"count":5,"href":"https:\/\/www.televisionalternativa.es\/000\/index.php?rest_route=\/wp\/v2\/posts\/2677\/revisions"}],"predecessor-version":[{"id":5669,"href":"https:\/\/www.televisionalternativa.es\/000\/index.php?rest_route=\/wp\/v2\/posts\/2677\/revisions\/5669"}],"wp:featuredmedia":[{"embeddable":true,"href":"https:\/\/www.televisionalternativa.es\/000\/index.php?rest_route=\/wp\/v2\/media\/2678"}],"wp:attachment":[{"href":"https:\/\/www.televisionalternativa.es\/000\/index.php?rest_route=%2Fwp%2Fv2%2Fmedia&parent=2677"}],"wp:term":[{"taxonomy":"category","embeddable":true,"href":"https:\/\/www.televisionalternativa.es\/000\/index.php?rest_route=%2Fwp%2Fv2%2Fcategories&post=2677"},{"taxonomy":"post_tag","embeddable":true,"href":"https:\/\/www.televisionalternativa.es\/000\/index.php?rest_route=%2Fwp%2Fv2%2Ftags&post=2677"}],"curies":[{"name":"wp","href":"https:\/\/api.w.org\/{rel}","templated":true}]}}