{"id":2613,"date":"2012-05-27T16:09:01","date_gmt":"2012-05-27T16:09:01","guid":{"rendered":"http:\/\/www.televisionalternativa.es\/000\/?p=2613"},"modified":"2014-03-29T14:19:45","modified_gmt":"2014-03-29T14:19:45","slug":"sin-rastro-estreno-29-de-junio","status":"publish","type":"post","link":"https:\/\/www.televisionalternativa.es\/000\/?p=2613","title":{"rendered":"Sin Rastro estreno 29 de junio"},"content":{"rendered":"<p>Dirigida por Heitor Dhalia, SIN RASTRO es una apasionante historia sobre una joven en peligro, que tiene el valor de plantar cara a la persona que la agredi\u00f3 en el pasado para proteger la vida de sus seres queridos. <\/p>\n<p>Sinopsis: Jill Parrish (Amanda Seyfried) regresa a su casa despu\u00e9s de pasar la noche trabajando y descubre que su hermana ha sido raptada. Jill sospecha que el secuestrador es el mismo que la atorment\u00f3 a ella a\u00f1os atr\u00e1s. Nadie cree a Jill, por lo que deber\u00e1 luchar por s\u00ed sola contra reloj para evitar que el misterioso asesino acabe con la vida de su hermana.<\/p>\n<p>Acompa\u00f1an a Amanda Seyfried en el reparto Jenifer Carpenter (Dexter, Quarantine, El exorcismo de Emily Rose), Daniel Sunjata (El caballero oscuro la leyenda renace, La cazarrecompensas, Anatom\u00eda de Grey) y Wes Bentley (Los juegos del hambre, Underworld el despertar).<\/p>\n","protected":false},"excerpt":{"rendered":"Dirigida por Heitor Dhalia, SIN RASTRO es una apasionante historia sobre una joven en peligro, que tiene el valor de plantar cara a \n<a class=\"moretag\" href=\"https:\/\/www.televisionalternativa.es\/000\/?p=2613\"> [...]<\/a>","protected":false},"author":14,"featured_media":2614,"comment_status":"closed","ping_status":"closed","sticky":false,"template":"","format":"standard","meta":{"footnotes":""},"categories":[3,63],"tags":[326,198,64,82,68,67,327],"class_list":["post-2613","post","type-post","status-publish","format-standard","has-post-thumbnail","hentry","category-blog","category-cine","tag-alternativa","tag-cartelera","tag-cine-2","tag-madrid","tag-noticias","tag-taquilla","tag-television-2"],"_links":{"self":[{"href":"https:\/\/www.televisionalternativa.es\/000\/index.php?rest_route=\/wp\/v2\/posts\/2613","targetHints":{"allow":["GET"]}}],"collection":[{"href":"https:\/\/www.televisionalternativa.es\/000\/index.php?rest_route=\/wp\/v2\/posts"}],"about":[{"href":"https:\/\/www.televisionalternativa.es\/000\/index.php?rest_route=\/wp\/v2\/types\/post"}],"author":[{"embeddable":true,"href":"https:\/\/www.televisionalternativa.es\/000\/index.php?rest_route=\/wp\/v2\/users\/14"}],"replies":[{"embeddable":true,"href":"https:\/\/www.televisionalternativa.es\/000\/index.php?rest_route=%2Fwp%2Fv2%2Fcomments&post=2613"}],"version-history":[{"count":4,"href":"https:\/\/www.televisionalternativa.es\/000\/index.php?rest_route=\/wp\/v2\/posts\/2613\/revisions"}],"predecessor-version":[{"id":5680,"href":"https:\/\/www.televisionalternativa.es\/000\/index.php?rest_route=\/wp\/v2\/posts\/2613\/revisions\/5680"}],"wp:featuredmedia":[{"embeddable":true,"href":"https:\/\/www.televisionalternativa.es\/000\/index.php?rest_route=\/wp\/v2\/media\/2614"}],"wp:attachment":[{"href":"https:\/\/www.televisionalternativa.es\/000\/index.php?rest_route=%2Fwp%2Fv2%2Fmedia&parent=2613"}],"wp:term":[{"taxonomy":"category","embeddable":true,"href":"https:\/\/www.televisionalternativa.es\/000\/index.php?rest_route=%2Fwp%2Fv2%2Fcategories&post=2613"},{"taxonomy":"post_tag","embeddable":true,"href":"https:\/\/www.televisionalternativa.es\/000\/index.php?rest_route=%2Fwp%2Fv2%2Ftags&post=2613"}],"curies":[{"name":"wp","href":"https:\/\/api.w.org\/{rel}","templated":true}]}}