{"id":2609,"date":"2012-05-27T15:45:42","date_gmt":"2012-05-27T15:45:42","guid":{"rendered":"http:\/\/www.televisionalternativa.es\/000\/?p=2609"},"modified":"2014-03-29T14:19:45","modified_gmt":"2014-03-29T14:19:45","slug":"mulafest-extiende-su-programa-de-musica-por-distintos-escenarios-de-madrid","status":"publish","type":"post","link":"https:\/\/www.televisionalternativa.es\/000\/?p=2609","title":{"rendered":"MULAFEST extiende su programa de M\u00fasica  por distintos escenarios de Madrid"},"content":{"rendered":"<p>Durante los meses de mayo, junio y julio, el p\u00fablico podr\u00e1 disfrutar de conciertos gratuitos en las salas de la Noche en Vivo<\/p>\n<p>Adem\u00e1s, los d\u00edas 7 al 10 de julio, Metro instalar\u00e1 microescenarios dedicados a la m\u00fasica en algunas  de sus principales paradas e intercambiadores  <\/p>\n<p>Grupos, DJs,  cantantes y nuevos talentos del mundo de la m\u00fasica que suban sus trabajos a www.mulafest.com  podr\u00e1n ser  seleccionados para actuar en los escenarios de MULAFEST en Ifema \u2013 Feria de Madrid, del 12 al 15 de julio, el los microescenarios de Metro y en algunas de las salas m\u00e1s emblem\u00e1ticas de la noche de Madrid. <\/p>\n<p>MULAFEST, el primer encuentro internacional  de tendencias urbanas, que tendr\u00e1 lugar del 12 al 15 de julio en Ifema, Feria de Madrid. Las corrientes m\u00e1s genuinas del mundo del tatuaje, la customizaci\u00f3n de motos,  el skate y bmx, y la danza, entre otras disciplinas, se integrar\u00e1n de forma participativa y din\u00e1mica en un festival de caracter\u00edsticas \u00fanicas  en el que  la m\u00fasica canalizar\u00e1 toda esta variedad de movimientos.<\/p>\n<p>En este sentido MULAFEST, en colaboraci\u00f3n con La Noche en Vivo,   anticipa su programa musical a los meses previos a su celebraci\u00f3n, con la organizaci\u00f3n de un circuito de conciertos gratuitos en las salas m\u00e1s emblem\u00e1ticas de la capital. El programa, que arrancar\u00e1 el 30 de mayo con sesiones  semanales todos los mi\u00e9rcoles, incluir\u00e1 las actuaciones  de Frank T &#038; TSC, La Frontera, Silvia Superstar y los Fabulosos, y Depedro, y   culminar\u00e1 con los conciertos y actividades proyectados durante la celebraci\u00f3n de  MULAFEST, tanto en el recinto de IFEMA como en las salas de La Noche en Vivo.  <\/p>\n<p><strong>Mulafest incorpora a Madrid la esencia del Yoyogi Park de Tokio <\/strong><\/p>\n<p>Uno de los contenidos m\u00e1s novedosos del \u00e1rea de M\u00fasica del Festival, ser\u00e1 la incorporaci\u00f3n a Madrid de la esencia del Yoyogi Park de Tokio para ofrecer a grupos, DJs,  cantantes, y m\u00fasicos,   la oportunidad de participar de forma activa en los conciertos de MULAFEST.  Para ello se ha habilitado un registro en la web www.mulafest.com, donde los m\u00fasicos interesados podr\u00e1n subir sus trabajos \u2013hasta el 15 de junio-  y entrar a formar parte del proceso de selecci\u00f3n que se realizar\u00e1 a trav\u00e9s de las Salas de La Noche en Vivo en colaboraci\u00f3n con MULAFEST.<\/p>\n<p> De esta manera, durante los d\u00edas 12 al 15 de julio las instalaciones de FERIA DE MADRID  ofrecer\u00e1n una plataforma de expresi\u00f3n a  nuevos talentos del mundo de la m\u00fasica en sus diferentes estilos,  dispuesta en espacios estrat\u00e9gicos  que permitir\u00e1n llegar a una gran audiencia y  favorecer la  promoci\u00f3n de artistas noveles.  Como broche final, las participaciones m\u00e1s aclamadas ser\u00e1n premiadas con una nueva actuaci\u00f3n en  diversas salas de La Noche en Vivo.  <\/p>\n<p><strong>M\u00e1s M\u00fasica con MULAFEST en Metro<\/strong><\/p>\n<p>Esta amplia propuesta de conciertos y actuaciones en directo se completa con un circuito organizado por  Metro,  los d\u00edas 7, 8, 9 y 10 de julio,  en algunas de  sus principales paradas e intercambiadores \u2013Canal, Callao, Pr\u00edncipe P\u00edo, Chamart\u00edn, Embajadores, Legazpi y Nuevos Ministerios, entre otras, donde se desarrollar\u00e1n distintos  microescenarios en los que  la m\u00fasica ser\u00e1 igualmente la gran protagonista.   <\/p>\n","protected":false},"excerpt":{"rendered":"Durante los meses de mayo, junio y julio, el p\u00fablico podr\u00e1 disfrutar de conciertos gratuitos en las salas de la Noche en Vivo \n<a class=\"moretag\" href=\"https:\/\/www.televisionalternativa.es\/000\/?p=2609\"> [...]<\/a>","protected":false},"author":14,"featured_media":2610,"comment_status":"closed","ping_status":"closed","sticky":false,"template":"","format":"standard","meta":{"footnotes":""},"categories":[3,71],"tags":[180,312,165,340,85,82,111,68,397,327],"class_list":["post-2609","post","type-post","status-publish","format-standard","has-post-thumbnail","hentry","category-blog","category-musica","tag-concierto","tag-conciertos","tag-entretenimiento-2","tag-festival","tag-internet","tag-madrid","tag-musica-2","tag-noticias","tag-salas","tag-television-2"],"_links":{"self":[{"href":"https:\/\/www.televisionalternativa.es\/000\/index.php?rest_route=\/wp\/v2\/posts\/2609","targetHints":{"allow":["GET"]}}],"collection":[{"href":"https:\/\/www.televisionalternativa.es\/000\/index.php?rest_route=\/wp\/v2\/posts"}],"about":[{"href":"https:\/\/www.televisionalternativa.es\/000\/index.php?rest_route=\/wp\/v2\/types\/post"}],"author":[{"embeddable":true,"href":"https:\/\/www.televisionalternativa.es\/000\/index.php?rest_route=\/wp\/v2\/users\/14"}],"replies":[{"embeddable":true,"href":"https:\/\/www.televisionalternativa.es\/000\/index.php?rest_route=%2Fwp%2Fv2%2Fcomments&post=2609"}],"version-history":[{"count":4,"href":"https:\/\/www.televisionalternativa.es\/000\/index.php?rest_route=\/wp\/v2\/posts\/2609\/revisions"}],"predecessor-version":[{"id":5681,"href":"https:\/\/www.televisionalternativa.es\/000\/index.php?rest_route=\/wp\/v2\/posts\/2609\/revisions\/5681"}],"wp:featuredmedia":[{"embeddable":true,"href":"https:\/\/www.televisionalternativa.es\/000\/index.php?rest_route=\/wp\/v2\/media\/2610"}],"wp:attachment":[{"href":"https:\/\/www.televisionalternativa.es\/000\/index.php?rest_route=%2Fwp%2Fv2%2Fmedia&parent=2609"}],"wp:term":[{"taxonomy":"category","embeddable":true,"href":"https:\/\/www.televisionalternativa.es\/000\/index.php?rest_route=%2Fwp%2Fv2%2Fcategories&post=2609"},{"taxonomy":"post_tag","embeddable":true,"href":"https:\/\/www.televisionalternativa.es\/000\/index.php?rest_route=%2Fwp%2Fv2%2Ftags&post=2609"}],"curies":[{"name":"wp","href":"https:\/\/api.w.org\/{rel}","templated":true}]}}