{"id":2515,"date":"2012-05-01T17:16:22","date_gmt":"2012-05-01T17:16:22","guid":{"rendered":"http:\/\/www.televisionalternativa.es\/000\/?p=2515"},"modified":"2014-03-29T14:21:23","modified_gmt":"2014-03-29T14:21:23","slug":"la-bloodynightcon-2-the-vampire-diaries-se-celebrara-el-fin-de-semana-del-5-y-6-de-mayo-de-2012-en-barcelona","status":"publish","type":"post","link":"https:\/\/www.televisionalternativa.es\/000\/?p=2515","title":{"rendered":"La BloodyNightCon 2 \u00abThe Vampire Diaries\u00bb  se celebrar\u00e1 el fin de semana del 5 y 6 de Mayo de 2012 en Barcelona."},"content":{"rendered":"<p>Despu\u00e9s de vivir con vosotros un a\u00f1o de ilusi\u00f3n, vuelve la BloodyNightCon 2 The Vampire Diaries que se celebrar\u00e1 el fin de semana del 5 y 6 de Mayo de 2012 en Barcelona.<\/p>\n<p>La BloodyNightCon 2012, la segunda convenci\u00f3n de \u00abThe Vampire Diaries\u00bb que acoge Espa\u00f1a, viene cargada de grandes sorpresas y de muchas ilusiones.\u00a1Esperamos veros a todos en esta nueva edici\u00f3n de la BloodyNightCon!<\/p>\n<p><strong>invitados:<\/strong><\/p>\n<p>Ian Somerhalder (Interpreta a Damon Salvatore en la serie The Vampire Diaries)<\/p>\n<p><a href=\"https:\/\/www.televisionalternativa.es\/000\/wp-content\/uploads\/2012\/05\/Ian1_INV.jpg\"><img loading=\"lazy\" decoding=\"async\" class=\"alignnone size-full wp-image-2516\" title=\"Ian1_INV\" src=\"https:\/\/www.televisionalternativa.es\/000\/wp-content\/uploads\/2012\/05\/Ian1_INV.jpg\" alt=\"\" width=\"185\" height=\"247\" \/><\/a><\/p>\n<p>&nbsp;<\/p>\n<p>Paul Wesley (Interpreta a Stephan Salvatore en la serie The Vampire Diaries)<\/p>\n<p><a href=\"https:\/\/www.televisionalternativa.es\/000\/wp-content\/uploads\/2012\/05\/paul_inv.jpg\"><img loading=\"lazy\" decoding=\"async\" class=\"alignnone size-full wp-image-2517\" title=\"paul_inv\" src=\"https:\/\/www.televisionalternativa.es\/000\/wp-content\/uploads\/2012\/05\/paul_inv.jpg\" alt=\"\" width=\"185\" height=\"233\" \/><\/a><\/p>\n<p>&nbsp;<\/p>\n<p>Matt Davis (Interpreta a Alaric en la serie The Vampire Diaries)<\/p>\n<p><a href=\"https:\/\/www.televisionalternativa.es\/000\/wp-content\/uploads\/2012\/05\/davis_inv.jpg\"><img loading=\"lazy\" decoding=\"async\" class=\"alignnone size-full wp-image-2518\" title=\"davis_inv\" src=\"https:\/\/www.televisionalternativa.es\/000\/wp-content\/uploads\/2012\/05\/davis_inv.jpg\" alt=\"\" width=\"185\" height=\"233\" \/><\/a><\/p>\n<p>&nbsp;<\/p>\n<p>Michael Trevino (Interpreta a Tyler Lockwood en la serie The Vampire Diaries)<\/p>\n<p><a href=\"https:\/\/www.televisionalternativa.es\/000\/wp-content\/uploads\/2012\/05\/trevino_inv.jpg\"><img loading=\"lazy\" decoding=\"async\" class=\"alignnone size-full wp-image-2519\" title=\"trevino_inv\" src=\"https:\/\/www.televisionalternativa.es\/000\/wp-content\/uploads\/2012\/05\/trevino_inv.jpg\" alt=\"\" width=\"185\" height=\"233\" \/><\/a><\/p>\n<p>&nbsp;<br \/>\nLa BloodyNightCon2 va a celebrarse en la ciudad de Barcelona. El lugar escogido para el evento es el Hotel Barcel\u00f3 Sants, situado encima de la Estaci\u00f3n de Sants, el punto m\u00e1s comunicado de Barcelona. Desde all\u00ed se tiene conexi\u00f3n directa con el aeropuerto, metro y trenes procedentes de toda Espa\u00f1a y Europa.<br \/>\nSheraton WTC<\/p>\n<p>El Hotel Barcel\u00f3 Sants est\u00e1 situado a tres paradas de metro de Plaza Catalunya y las Ramblas y a dos paradas de metro del puerto y la zona de mayor ambiente nocturno de la ciudad. Podr\u00e9is f\u00e1cilmente realizar turismo y conocer Barcelona a fondo, probar la cocina mediterr\u00e1nea, bailar en todo tipo de pubs y discotecas a precios muy sugerentes y encontrar todo lo que quer\u00e1is en una ciudad llena de contrastes y culturas, donde el pasado y el futuro se entremezclan con la gente, la arquitectura y el ambiente. Los edificios de Gaud\u00ed, las estupendas playas de la Ciutadella y del Forum, las Ramblas y el Barri G\u00f3tic junto a las miles de actividades diurnas y nocturnas que puedes vivir en una ciudad que piensa en lo mejor para sus hu\u00e9spedes. Barcelona y el sol de la Costa os esperan en 2012.<\/p>\n<p><strong>Actividades:<\/strong><\/p>\n<p>    <strong>Paneles<\/strong><br \/>\n    Uno de los momentos m\u00e1s esperados de toda convenci\u00f3n. Los actores interactuar\u00e1n con el p\u00fablico asistente que podr\u00e1n hacerles preguntas a las que los invitados responder\u00e1n encantados. Ser\u00e1 la sala m\u00e1s grande del recinto donde se celebrar\u00e1 la convenci\u00f3n y estar\u00e1 dividida por zonas que marcar\u00e1n los asientos, dependiendo del pase que se tenga.<\/p>\n<p>   <strong> Firmas<\/strong><br \/>\n    Es el momento de disfrutar de una conversaci\u00f3n con tus actores preferidos y tambi\u00e9n darles ese regalo que les has tra\u00eddo. Recuerda que solo pueden firmarte material oficial de las pel\u00edculas y de KLZ Events\/BloodyNightCon (Pr\u00f3ximamente se anunciar\u00e1 el Merchandising Oficial).<\/p>\n<p>    Vas a tener la posibilidad de conseguir los aut\u00f3grafos de los actores que quieras y aut\u00f3grafos extras en la misma convenci\u00f3n.<\/p>\n<p>    <strong>Photo Ops<\/strong><br \/>\n    No vas a estar tan cerca de tu actor en otra actividad. Los photo ops (fotograf\u00edas con los invitados) te dan la oportunidad de hacerte esa fotograf\u00eda que siempre has querido y de pedirle al actor de hacer algo juntos. Si eso que le pides es posible, no te dir\u00e1 nunca que no.<\/p>\n<p>    Vas a tener la posibilidad de conseguir los photo ops de los actores que quieras en los pr\u00f3ximos meses v\u00eda internet y tambi\u00e9n en la convenci\u00f3n, adem\u00e1s de fotograf\u00edas extras.<\/p>\n<p>    *Va a haber una fotograf\u00eda individual de todos los actores y una doble por asistente.<\/p>\n<p>   <strong> Concurso de Talentos<\/strong><br \/>\n    Si tienes alguna faceta escondida, ahora es el momento de demostrarla. Tienes muchas categor\u00edas distintas:<br \/>\n    &#8211; M\u00fasica y Cine.<br \/>\n    &#8211; Ilustraci\u00f3n, pintura y escultura.<br \/>\n    &#8211; Literatura.<br \/>\n    &#8211; Dise\u00f1o Gr\u00e1fico.<br \/>\n    &#8211; Manualidades.<br \/>\n    &#8211; Fanvids.<\/p>\n<p>    Y recuerda que las obras enviadas van a exponerse en la convenci\u00f3n y los premios ser\u00e1n entregados por los actores asistentes ese mismo domingo.<\/p>\n<p>    <strong>Sorteos<\/strong><br \/>\n    Si te interesa el merchandising m\u00e1s exclusivo de la Saga o esculturas, pinturas y dibujos de los personajes de las pel\u00edculas hechos por artistas profesionales, vas a poder adquirilos en los sorteos de KLZ Events\/BloodyNightCon durante la convenci\u00f3n.<\/p>\n<p>    <strong>Fiesta Mystic Falls<\/strong><br \/>\n    Fiesta exclusiva con algunos de los actores invitados, un n\u00famero reducido de fans y muchas sorpresas. Tendr\u00e1 lugar el S\u00e1bado por la tarde despu\u00e9s de las actividades de la Convenci\u00f3n y durar\u00e1 una hora. En ella habr\u00e1 un concurso de disfraces y se premiar\u00e1, de manos de los actores invitados, a los mejores con Merchandising y otros regalos exclusivos.<\/p>\n","protected":false},"excerpt":{"rendered":"Despu\u00e9s de vivir con vosotros un a\u00f1o de ilusi\u00f3n, vuelve la BloodyNightCon 2 The Vampire Diaries que se celebrar\u00e1 el fin de semana \n<a class=\"moretag\" href=\"https:\/\/www.televisionalternativa.es\/000\/?p=2515\"> [...]<\/a>","protected":false},"author":14,"featured_media":2521,"comment_status":"closed","ping_status":"closed","sticky":false,"template":"","format":"standard","meta":{"footnotes":""},"categories":[3,63],"tags":[326,370,64,372,68,327,373,371],"class_list":["post-2515","post","type-post","status-publish","format-standard","has-post-thumbnail","hentry","category-blog","category-cine","tag-alternativa","tag-bloodynightcon","tag-cine-2","tag-cronicas","tag-noticias","tag-television-2","tag-vampiricas","tag-vampiros"],"_links":{"self":[{"href":"https:\/\/www.televisionalternativa.es\/000\/index.php?rest_route=\/wp\/v2\/posts\/2515","targetHints":{"allow":["GET"]}}],"collection":[{"href":"https:\/\/www.televisionalternativa.es\/000\/index.php?rest_route=\/wp\/v2\/posts"}],"about":[{"href":"https:\/\/www.televisionalternativa.es\/000\/index.php?rest_route=\/wp\/v2\/types\/post"}],"author":[{"embeddable":true,"href":"https:\/\/www.televisionalternativa.es\/000\/index.php?rest_route=\/wp\/v2\/users\/14"}],"replies":[{"embeddable":true,"href":"https:\/\/www.televisionalternativa.es\/000\/index.php?rest_route=%2Fwp%2Fv2%2Fcomments&post=2515"}],"version-history":[{"count":6,"href":"https:\/\/www.televisionalternativa.es\/000\/index.php?rest_route=\/wp\/v2\/posts\/2515\/revisions"}],"predecessor-version":[{"id":5687,"href":"https:\/\/www.televisionalternativa.es\/000\/index.php?rest_route=\/wp\/v2\/posts\/2515\/revisions\/5687"}],"wp:featuredmedia":[{"embeddable":true,"href":"https:\/\/www.televisionalternativa.es\/000\/index.php?rest_route=\/wp\/v2\/media\/2521"}],"wp:attachment":[{"href":"https:\/\/www.televisionalternativa.es\/000\/index.php?rest_route=%2Fwp%2Fv2%2Fmedia&parent=2515"}],"wp:term":[{"taxonomy":"category","embeddable":true,"href":"https:\/\/www.televisionalternativa.es\/000\/index.php?rest_route=%2Fwp%2Fv2%2Fcategories&post=2515"},{"taxonomy":"post_tag","embeddable":true,"href":"https:\/\/www.televisionalternativa.es\/000\/index.php?rest_route=%2Fwp%2Fv2%2Ftags&post=2515"}],"curies":[{"name":"wp","href":"https:\/\/api.w.org\/{rel}","templated":true}]}}