{"id":2431,"date":"2012-04-21T23:57:18","date_gmt":"2012-04-21T23:57:18","guid":{"rendered":"http:\/\/www.televisionalternativa.es\/000\/?p=2431"},"modified":"2014-03-29T14:21:25","modified_gmt":"2014-03-29T14:21:25","slug":"reverse-vuelve-en-mayo-con-dos-citas-imprescindibles","status":"publish","type":"post","link":"https:\/\/www.televisionalternativa.es\/000\/?p=2431","title":{"rendered":"Reverse vuelve en mayo con dos citas imprescindibles"},"content":{"rendered":"<p>Luciano y Laurent Garnier protagonizan el mes de mayo en el circuito club de Madrid<\/p>\n<p>MG presenta Reverse en Madrid el pr\u00f3ximo mes de mayo. Un evento ya popular despu\u00e9s de varias entregas, que viene de la mano de la promotora responsable de la programaci\u00f3n de Up Club, en la sala Pirandello, o Festivales como Day One, que pese a su corta vida es ya una de las citas de referencia en las fiestas de A\u00f1o Nuevo celebradas en la capital. <\/p>\n<p>El mes de mayo Reverse propone dos fechas imperdibles para la escena electr\u00f3nica. Dos fiestas independientes, que brindar\u00e1n la oportunidad de ver a dos pesos pesados de la electr\u00f3nica en dos espacios diferentes, la sala La Riviera, habitual sede de Reverse, y tambi\u00e9n la sala Marco Aldany.<\/p>\n<p>La primera de estas convocatorias tendr\u00e1 lugar en La Riviera. Un evento el viernes 11 de mayo, en el que destaca la vuelta a Madrid de Luciano, tras su ba\u00f1o de masas en nuestra pasada edici\u00f3n y fiesta de presentaci\u00f3n del Festival Day One. Un artista que ha elegido estar en Madrid de nuevo bajo la r\u00fabrica de Reverse, y que traer\u00e1 su electr\u00f3nica ibicenca a la capital, como aperitivo del verano. No puedes dejar pasar al responsable de uno de los sonidos m\u00e1s actuales de la escena desde Cadenza, y del ide\u00f3logo de una de las sesiones m\u00e1s punteras desde Pach\u00e1 Ibiza, Vagabundos. Un proyecto reconocido y premiado internacionalmente, que quiere pasar por Madrid antes de comenzar la temporada en la isla pitiusa. <\/p>\n<p>MG Group quiere apostar por Reverse este pr\u00f3ximo mes de mayo en la capital, y ofrecer\u00e1 una nueva convocatoria, esta vez cambiando de ubicaci\u00f3n a un espacio m\u00e1s c\u00e9ntrico a\u00fan, la sala Marco Aldany. Apenas una semana despu\u00e9s, el jueves 17 de mayo, el maestro de la electr\u00f3nica francesa, estar\u00e1 tambi\u00e9n en Reverse. Laurent Garnier presentar\u00e1 un set especial 4hourshow, perteneciente a su serie de actuaciones live booth sessions. <\/p>\n<p>Las primeras horas, Garnier compartir\u00e1 cabina con dos de sus compa\u00f1eros habituales, Benjamin Rippers y Scan X. El franc\u00e9s ser\u00e1 encargado de cerrar el set con una sesi\u00f3n con las dos horas restantes. Una cita de lujo que no te puedes perder. <\/p>\n<p>Un nuevo espacio, que ofrecer\u00e1 un set de este artista internacional, que necesita ya pocas presentaciones despu\u00e9s de una trayectoria de m\u00e1s de 20 a\u00f1os, nos solo a los platos sino tambi\u00e9n en la producci\u00f3n, e ideando proyectos como la integraci\u00f3n de instrumentos cl\u00e1sicos en un set basado en la electr\u00f3nica. Uno de los artistas m\u00e1s infuyentes, que no ha querido perderse pasar por Reverse. <\/p>\n","protected":false},"excerpt":{"rendered":"Luciano y Laurent Garnier protagonizan el mes de mayo en el circuito club de Madrid MG presenta Reverse en Madrid el pr\u00f3ximo mes \n<a class=\"moretag\" href=\"https:\/\/www.televisionalternativa.es\/000\/?p=2431\"> [...]<\/a>","protected":false},"author":14,"featured_media":2432,"comment_status":"closed","ping_status":"closed","sticky":false,"template":"","format":"standard","meta":{"footnotes":""},"categories":[3,71],"tags":[326,165,347,111,348,327],"class_list":["post-2431","post","type-post","status-publish","format-standard","has-post-thumbnail","hentry","category-blog","category-musica","tag-alternativa","tag-entretenimiento-2","tag-festivales","tag-musica-2","tag-reverse","tag-television-2"],"_links":{"self":[{"href":"https:\/\/www.televisionalternativa.es\/000\/index.php?rest_route=\/wp\/v2\/posts\/2431","targetHints":{"allow":["GET"]}}],"collection":[{"href":"https:\/\/www.televisionalternativa.es\/000\/index.php?rest_route=\/wp\/v2\/posts"}],"about":[{"href":"https:\/\/www.televisionalternativa.es\/000\/index.php?rest_route=\/wp\/v2\/types\/post"}],"author":[{"embeddable":true,"href":"https:\/\/www.televisionalternativa.es\/000\/index.php?rest_route=\/wp\/v2\/users\/14"}],"replies":[{"embeddable":true,"href":"https:\/\/www.televisionalternativa.es\/000\/index.php?rest_route=%2Fwp%2Fv2%2Fcomments&post=2431"}],"version-history":[{"count":3,"href":"https:\/\/www.televisionalternativa.es\/000\/index.php?rest_route=\/wp\/v2\/posts\/2431\/revisions"}],"predecessor-version":[{"id":2434,"href":"https:\/\/www.televisionalternativa.es\/000\/index.php?rest_route=\/wp\/v2\/posts\/2431\/revisions\/2434"}],"wp:featuredmedia":[{"embeddable":true,"href":"https:\/\/www.televisionalternativa.es\/000\/index.php?rest_route=\/wp\/v2\/media\/2432"}],"wp:attachment":[{"href":"https:\/\/www.televisionalternativa.es\/000\/index.php?rest_route=%2Fwp%2Fv2%2Fmedia&parent=2431"}],"wp:term":[{"taxonomy":"category","embeddable":true,"href":"https:\/\/www.televisionalternativa.es\/000\/index.php?rest_route=%2Fwp%2Fv2%2Fcategories&post=2431"},{"taxonomy":"post_tag","embeddable":true,"href":"https:\/\/www.televisionalternativa.es\/000\/index.php?rest_route=%2Fwp%2Fv2%2Ftags&post=2431"}],"curies":[{"name":"wp","href":"https:\/\/api.w.org\/{rel}","templated":true}]}}