{"id":2426,"date":"2012-04-21T10:57:01","date_gmt":"2012-04-21T10:57:01","guid":{"rendered":"http:\/\/www.televisionalternativa.es\/000\/?p=2426"},"modified":"2014-03-29T14:21:26","modified_gmt":"2014-03-29T14:21:26","slug":"musicland-el-festival-contara-con-cuatro-escenarios-independientes-donde-se-sucederan-todas-las-actuaciones-durante-los-dias-27-y-28-de-abril","status":"publish","type":"post","link":"https:\/\/www.televisionalternativa.es\/000\/?p=2426","title":{"rendered":"Musicland, El Festival contar\u00e1 con cuatro escenarios independientes donde se suceder\u00e1n todas las actuaciones durante los d\u00edas 27 y 28 de abril"},"content":{"rendered":"<p>Musicland cuenta los d\u00edas para su primera edici\u00f3n. Los d\u00edas 27 y 28 de abril el Festival abrir\u00e1 sus puertas en el recinto de la Ciudad Deportiva del Rayo Vallecano, junto al CC. de La Gavia (metro Congosto). Un Festival que se ha diferenciado por ofrecer dos l\u00edneas program\u00e1ticas diferentes para cada una de sus jornadas.<\/p>\n<p>Musicland presenta la distribuci\u00f3n de artistas por escenarios, junto con los horarios definitivos. Dos jornadas completas donde los directos de bandas y sesiones de djs se suceder\u00e1n en los cuatro escenarios simult\u00e1neos del Festival.<\/p>\n<p>El viernes 27 de abril, Musicland abrir\u00e1 sus puertas a las 17.00 horas, comenzando las actuaciones, m\u00e1s enfocadas al directo, a las 18.00 horas. Contaremos con dos escenarios principales: Hip Hop e Pop &#038; Indie, por donde pasar\u00e1n varios de los principales reclamos del Festival, como Violadores del Verso, SFDK, D\u00fao Kie o Falsa Alarma, junto con Vetusta Morla, El Columpio Asesino o Eladio y los seres queridos, respectivamente.<\/p>\n<p>La primera jornada del Festival tambi\u00e9n acoger\u00e1 un escenario dedicado al Dubstep y New Beats, por el que pasar\u00e1n varios proyectos, encabezados por Pendulum dj set, Foreign Beggars o Doorly. Adem\u00e1s, la electr\u00f3nica tambi\u00e9n estar\u00e1 presente en el Escenario 4, donde tendr\u00e1n cabida varios proyectos de artistas emergentes en la escena electr\u00f3nica de la capital.<\/p>\n<p>El s\u00e1bado 28 de abril los ritmos m\u00e1s contundentes inundar\u00e1n Musicland, jornada en la que los s\u00e1bados cambiar\u00e1n su denominaci\u00f3n por numeraci\u00f3n. Los dos Escenarios principales estar\u00e1n enfocados al sonido techno. El Escenario n\u00famero 1 acoger\u00e1 las actuaciones de varios de los reclamos del Festival, como Carl Cox, Dubfire, John Digweed o Technasia, mientras que en el Escenario n\u00famero 2 artistas como Dave Clarke, The Bloody Beetroots o Steve Lawler ser\u00e1n las estrellas.<\/p>\n<p>Proyectos ecl\u00e9cticos como 2 Many djs, Simian Mobile Disco dj set o Booka Shade, protagonizar\u00e1n el Escenario n\u00famero 3. El \u00faltimo escenario tambi\u00e9n estar\u00e1 dedicado a una selecci\u00f3n de artistas y colectivos emergentes.<\/p>\n","protected":false},"excerpt":{"rendered":"Musicland cuenta los d\u00edas para su primera edici\u00f3n. Los d\u00edas 27 y 28 de abril el Festival abrir\u00e1 sus puertas en el recinto \n<a class=\"moretag\" href=\"https:\/\/www.televisionalternativa.es\/000\/?p=2426\"> [...]<\/a>","protected":false},"author":14,"featured_media":2427,"comment_status":"closed","ping_status":"closed","sticky":false,"template":"","format":"standard","meta":{"footnotes":""},"categories":[3,71],"tags":[326,343,345,346,340,111,342,327,344,341],"class_list":["post-2426","post","type-post","status-publish","format-standard","has-post-thumbnail","hentry","category-blog","category-musica","tag-alternativa","tag-duo-kie-o-falsa-alarma","tag-el-columpio-asesino","tag-eladio-y-los-seres-queridos","tag-festival","tag-musica-2","tag-sfdk","tag-television-2","tag-vetusta-morla","tag-violadores-del-verso"],"_links":{"self":[{"href":"https:\/\/www.televisionalternativa.es\/000\/index.php?rest_route=\/wp\/v2\/posts\/2426","targetHints":{"allow":["GET"]}}],"collection":[{"href":"https:\/\/www.televisionalternativa.es\/000\/index.php?rest_route=\/wp\/v2\/posts"}],"about":[{"href":"https:\/\/www.televisionalternativa.es\/000\/index.php?rest_route=\/wp\/v2\/types\/post"}],"author":[{"embeddable":true,"href":"https:\/\/www.televisionalternativa.es\/000\/index.php?rest_route=\/wp\/v2\/users\/14"}],"replies":[{"embeddable":true,"href":"https:\/\/www.televisionalternativa.es\/000\/index.php?rest_route=%2Fwp%2Fv2%2Fcomments&post=2426"}],"version-history":[{"count":4,"href":"https:\/\/www.televisionalternativa.es\/000\/index.php?rest_route=\/wp\/v2\/posts\/2426\/revisions"}],"predecessor-version":[{"id":2429,"href":"https:\/\/www.televisionalternativa.es\/000\/index.php?rest_route=\/wp\/v2\/posts\/2426\/revisions\/2429"}],"wp:featuredmedia":[{"embeddable":true,"href":"https:\/\/www.televisionalternativa.es\/000\/index.php?rest_route=\/wp\/v2\/media\/2427"}],"wp:attachment":[{"href":"https:\/\/www.televisionalternativa.es\/000\/index.php?rest_route=%2Fwp%2Fv2%2Fmedia&parent=2426"}],"wp:term":[{"taxonomy":"category","embeddable":true,"href":"https:\/\/www.televisionalternativa.es\/000\/index.php?rest_route=%2Fwp%2Fv2%2Fcategories&post=2426"},{"taxonomy":"post_tag","embeddable":true,"href":"https:\/\/www.televisionalternativa.es\/000\/index.php?rest_route=%2Fwp%2Fv2%2Ftags&post=2426"}],"curies":[{"name":"wp","href":"https:\/\/api.w.org\/{rel}","templated":true}]}}