{"id":2412,"date":"2012-04-04T20:00:31","date_gmt":"2012-04-04T20:00:31","guid":{"rendered":"http:\/\/www.televisionalternativa.es\/000\/?p=2412"},"modified":"2014-03-29T14:21:26","modified_gmt":"2014-03-29T14:21:26","slug":"sabor-campestre-y-del-oeste-americano-en-dos-preguntas","status":"publish","type":"post","link":"https:\/\/www.televisionalternativa.es\/000\/?p=2412","title":{"rendered":"Sabor campestre y del Oeste Americano en dos preguntas . Maleso"},"content":{"rendered":"<p>\u00bfDe d\u00f3nde ha salido Maleso?<br \/>\n\u00a0<br \/>\nBueno. Empec\u00e9 a tocar en grupos en los a\u00f1os 80. Con la banda sevillana Tiernos Mancebos grabamos un LP para Polygram, que fue editado en Espa\u00f1a, Per\u00fa, Venezuela y M\u00e9xico. Eramos un grupo de pop con influencias sesenteras. Tras el no \u00e9xito de aquel primer LP, el grupo se reestructur\u00f3 y pas\u00f3 a llamarse Las Balas. Grabamos un LP con el sello de Radio Nacional de Espa\u00f1a y otro con una peque\u00f1a compa\u00f1\u00eda, Matasellos. Pese a tener un excelente directo y buenas canciones, tampoco este grupo consigui\u00f3 romper. A mediados de los 90 nos separamos amistosamente y me integr\u00e9 en varios grupos: Soul Mama (banda de versiones de soul con la que a\u00fan toco hoy en d\u00eda), Surpop (el proyecto de Agust\u00edn Gallardo, con el que he\u00a0publicado dos cds), Excarabajos, The Cassanovas (grupos tem\u00e1ticos de versiones) y otros muchos.<br \/>\n\u00a0<br \/>\nTambi\u00e9n he compuesto m\u00fasica y canciones para obras de teatro y cortometrajes. En 2010 produje el primer cd del grupo sevillano de pop Naked Nana.<br \/>\n\u00a0<br \/>\nEn 2009 decido grabar mis propias canciones y autoeditarlas como Maleso. Mi primer trabajo se llam\u00f3 \u00abRegreso a Padre Mar\u00fariz\u00bb, el segundo, en 2010, fue \u00abMoscas Volantes\u00bb. En ambos compuse letra y m\u00fasica y toqu\u00e9 la mayor parte de los instrumentos. En estas grabaciones se observan influencias\u00a0pop tanto americanas como brit\u00e1nicas y algunos destellos de blues y country.<br \/>\n\u00a0<br \/>\n\u00bfQu\u00e9 es esto que nos presentas ahora?<br \/>\n\u00a0<br \/>\nEn 2011 he grabado 14 canciones en mi vertiente m\u00e1s americana, con matices m\u00e1s country y blues. La instrumentaci\u00f3n ac\u00fastica\u00a0se ha impuesto en la mayor\u00eda de los cortes y han colaborado varios m\u00fasicos y amigos, d\u00e1ndole color y cercan\u00eda a las grabaciones.\u00a0Este trabajo, \u00absabor campestre y del Oeste Americano\u00bb, incluye\u00a0canciones country m\u00e1s \u00abortodoxas\u00bb como \u00abCari\u00f1o, he vuelto otra vez\u00bb, \u00abTrocito de cielo\u00bb o \u00abTengo raz\u00f3n\u00bb, mezclas de country abluesado como \u00abFui al cruce de caminos\u00bb o \u00abEsta vida me sienta mal\u00bb, experimentos pseudo-folkies como \u00abSi me das un mill\u00f3n\u00bb, \u00abCamino de Ubrique\u00bb o \u00abMe voy\u00bb, baladas tex-mex como \u00abEscondida\u00bb, melod\u00edas country-pop como \u00abLa \u00faltima vez que te vi\u00bb, country-jazz\u00a0como \u00abLlor\u00e9 por ti\u00bb, filigrana rockabilly en \u00abElvis nos cas\u00f3\u00bb, country cristiano en \u00abLo que me merezco\u00bb o torch blues en \u00abMelod\u00eda de dolor\u00bb.<\/p>\n<p>Mientras compon\u00eda y grababa las canciones, estaban en mi cabeza Gram Parsons, Johnny Cash, George Jones y los Louvin Brothers, tambi\u00e9n las vertientes mas campestres de Beatles, Rolling Stones y Elvis Costello,\u00a0y, como no, el poso de Los Secretos, el grupo que ya hab\u00eda hecho todo esto antes que yo. \u00a0<br \/>\nFiel a la tradici\u00f3n country, las letras\u00a0cuentan\u00a0historias llanas, simples y t\u00f3picas, cruzadas a veces por ramalazos de surrealismo o hiperrealismo de una\u00a0vena m\u00e1s pop. <\/p>\n<p>Estoy c\u00f3modo en este terreno y espero ir labrando un lenguaje propio partiendo de estas m\u00fasicas que tanto admiro. <\/p>\n<p>Para escuchar sus trabajos visitad: http:\/\/www.maleso.com\/<\/p>\n","protected":false},"excerpt":{"rendered":"\u00bfDe d\u00f3nde ha salido Maleso? \u00a0 Bueno. Empec\u00e9 a tocar en grupos en los a\u00f1os 80. Con la banda sevillana Tiernos Mancebos grabamos \n<a class=\"moretag\" href=\"https:\/\/www.televisionalternativa.es\/000\/?p=2412\"> [...]<\/a>","protected":false},"author":14,"featured_media":2414,"comment_status":"closed","ping_status":"closed","sticky":false,"template":"","format":"standard","meta":{"footnotes":""},"categories":[3,71],"tags":[326,85,111,231,327,339],"class_list":["post-2412","post","type-post","status-publish","format-standard","has-post-thumbnail","hentry","category-blog","category-musica","tag-alternativa","tag-internet","tag-musica-2","tag-nuevo","tag-television-2","tag-trabajo"],"_links":{"self":[{"href":"https:\/\/www.televisionalternativa.es\/000\/index.php?rest_route=\/wp\/v2\/posts\/2412","targetHints":{"allow":["GET"]}}],"collection":[{"href":"https:\/\/www.televisionalternativa.es\/000\/index.php?rest_route=\/wp\/v2\/posts"}],"about":[{"href":"https:\/\/www.televisionalternativa.es\/000\/index.php?rest_route=\/wp\/v2\/types\/post"}],"author":[{"embeddable":true,"href":"https:\/\/www.televisionalternativa.es\/000\/index.php?rest_route=\/wp\/v2\/users\/14"}],"replies":[{"embeddable":true,"href":"https:\/\/www.televisionalternativa.es\/000\/index.php?rest_route=%2Fwp%2Fv2%2Fcomments&post=2412"}],"version-history":[{"count":5,"href":"https:\/\/www.televisionalternativa.es\/000\/index.php?rest_route=\/wp\/v2\/posts\/2412\/revisions"}],"predecessor-version":[{"id":2416,"href":"https:\/\/www.televisionalternativa.es\/000\/index.php?rest_route=\/wp\/v2\/posts\/2412\/revisions\/2416"}],"wp:featuredmedia":[{"embeddable":true,"href":"https:\/\/www.televisionalternativa.es\/000\/index.php?rest_route=\/wp\/v2\/media\/2414"}],"wp:attachment":[{"href":"https:\/\/www.televisionalternativa.es\/000\/index.php?rest_route=%2Fwp%2Fv2%2Fmedia&parent=2412"}],"wp:term":[{"taxonomy":"category","embeddable":true,"href":"https:\/\/www.televisionalternativa.es\/000\/index.php?rest_route=%2Fwp%2Fv2%2Fcategories&post=2412"},{"taxonomy":"post_tag","embeddable":true,"href":"https:\/\/www.televisionalternativa.es\/000\/index.php?rest_route=%2Fwp%2Fv2%2Ftags&post=2412"}],"curies":[{"name":"wp","href":"https:\/\/api.w.org\/{rel}","templated":true}]}}