{"id":2362,"date":"2012-03-31T23:26:26","date_gmt":"2012-03-31T23:26:26","guid":{"rendered":"http:\/\/www.televisionalternativa.es\/000\/?p=2362"},"modified":"2014-03-29T14:21:28","modified_gmt":"2014-03-29T14:21:28","slug":"presentacion-del-disco-amigos-de-barra","status":"publish","type":"post","link":"https:\/\/www.televisionalternativa.es\/000\/?p=2362","title":{"rendered":"PRESENTACI\u00d3N DEL DISCO \u00abAMIGOS DE BARRA\u00bb"},"content":{"rendered":"<p>El 12 DE MAYO de 2012, S\u00c1BADO a las 21.00 , ser\u00e1 la presentaci\u00f3n del disco de Jean Louis Barragan ,Guitarrista de La Guardia, \u00abAmigos de Barra\u00bb .<\/p>\n<p>Entradas a la venta en :<br \/>\nAlcal\u00e1 de Henares Musical Henares c\/ Infancia n\u00ba 1,<br \/>\nAlcal\u00e1 Comics Avenida de Guadalajara n\u00ba 9,<br \/>\nBar Casa Nieto Avenida Virgen del Val n\u00ba 3 y posterior,<br \/>\nBar Tic-Tac Paseo de las Moreras 16,<br \/>\nTemple Bar Street C.C. Garena Plaza Avenida Juan Carlos I n\u00ba 13,<br \/>\nPub Gabanna-La Paloma c\/ Cid Campeador n\u00ba 2. En Azuqueca de Henares Pub Back in Black c\/ Siguenza n\u00ba 4.<br \/>\nEn Madrid Kiosco de prensa c\/ Ferm\u00edn Caballero 71 Ciudad de los periodistas. <\/p>\n","protected":false},"excerpt":{"rendered":"El 12 DE MAYO de 2012, S\u00c1BADO a las 21.00 , ser\u00e1 la presentaci\u00f3n del disco de Jean Louis Barragan ,Guitarrista de La \n<a class=\"moretag\" href=\"https:\/\/www.televisionalternativa.es\/000\/?p=2362\"> [...]<\/a>","protected":false},"author":14,"featured_media":2363,"comment_status":"closed","ping_status":"closed","sticky":false,"template":"","format":"standard","meta":{"footnotes":""},"categories":[3,71,75],"tags":[180,333,111,332],"class_list":["post-2362","post","type-post","status-publish","format-standard","has-post-thumbnail","hentry","category-blog","category-musica","category-ntc","tag-concierto","tag-guitarrista","tag-musica-2","tag-presenatcion"],"_links":{"self":[{"href":"https:\/\/www.televisionalternativa.es\/000\/index.php?rest_route=\/wp\/v2\/posts\/2362","targetHints":{"allow":["GET"]}}],"collection":[{"href":"https:\/\/www.televisionalternativa.es\/000\/index.php?rest_route=\/wp\/v2\/posts"}],"about":[{"href":"https:\/\/www.televisionalternativa.es\/000\/index.php?rest_route=\/wp\/v2\/types\/post"}],"author":[{"embeddable":true,"href":"https:\/\/www.televisionalternativa.es\/000\/index.php?rest_route=\/wp\/v2\/users\/14"}],"replies":[{"embeddable":true,"href":"https:\/\/www.televisionalternativa.es\/000\/index.php?rest_route=%2Fwp%2Fv2%2Fcomments&post=2362"}],"version-history":[{"count":5,"href":"https:\/\/www.televisionalternativa.es\/000\/index.php?rest_route=\/wp\/v2\/posts\/2362\/revisions"}],"predecessor-version":[{"id":2366,"href":"https:\/\/www.televisionalternativa.es\/000\/index.php?rest_route=\/wp\/v2\/posts\/2362\/revisions\/2366"}],"wp:featuredmedia":[{"embeddable":true,"href":"https:\/\/www.televisionalternativa.es\/000\/index.php?rest_route=\/wp\/v2\/media\/2363"}],"wp:attachment":[{"href":"https:\/\/www.televisionalternativa.es\/000\/index.php?rest_route=%2Fwp%2Fv2%2Fmedia&parent=2362"}],"wp:term":[{"taxonomy":"category","embeddable":true,"href":"https:\/\/www.televisionalternativa.es\/000\/index.php?rest_route=%2Fwp%2Fv2%2Fcategories&post=2362"},{"taxonomy":"post_tag","embeddable":true,"href":"https:\/\/www.televisionalternativa.es\/000\/index.php?rest_route=%2Fwp%2Fv2%2Ftags&post=2362"}],"curies":[{"name":"wp","href":"https:\/\/api.w.org\/{rel}","templated":true}]}}