{"id":1575,"date":"2012-02-03T18:51:32","date_gmt":"2012-02-03T18:51:32","guid":{"rendered":"http:\/\/www.televisionalternativa.es\/000\/?p=1575"},"modified":"2014-03-29T14:21:42","modified_gmt":"2014-03-29T14:21:42","slug":"premios-asecan-2012","status":"publish","type":"post","link":"https:\/\/www.televisionalternativa.es\/000\/?p=1575","title":{"rendered":"PREMIOS ASECAN 2012"},"content":{"rendered":"<p>Ma\u00f1ana s\u00e1bado, 4 de febrero, a las 12:30 horas, se celebra la fiesta del cine andaluz con la Entrega de los premios de la Asociaci\u00f3n de Escritores y Escritoras de Cine de Andalucia, PREMIOS ASECAN 2012, que reunir\u00e1 en la Sede en C\u00f3rdoba de la Filmoteca de Andaluc\u00eda (c\/ Medina y Corella, n\u00ba 5), a una amplia representaci\u00f3n del mundo del cine y el audiovisual de nuestra comunidad. El acto de entrega ser\u00e1 conducido por los periodistas Marta Jim\u00e9nez y Rafa Pontes. <\/p>\n<p>Entre los premiados de este a\u00f1o, est\u00e1n los directores Benito Zambrano, Manuel Mart\u00edn Cuenca yEnrique Urbizu, el productor Antonio P\u00e9rez, las actrices Inma Cuesta y Mar\u00eda Le\u00f3n y el actorAntonio de la Torre. Todos ellos han confirmado que asistir\u00e1n para recoger su galard\u00f3n (ver m\u00e1s abajo la lista completa de premiados y asistentes confirmados). <\/p>\n<p>Este acto incluye adem\u00e1s un homenaje al productor, guionista y director Francisco &#8216;Pancho&#8217; Bautista, uno de los precursores del cine andaluz, y a la actriz, Carmen Sevilla, uno de los nombres fundamentales de la cinematograf\u00eda espa\u00f1ola. Esta \u00faltima se ha disculpado por no poder estar el s\u00e1bado en la Filmoteca y ha trasladado a ASECAN su agradecimiento por este homenaje.<\/p>\n<p>Este a\u00f1o, los Premios ASECAN est\u00e1n patrocinados por la Filmoteca de Andaluc\u00eda (Consejer\u00eda de Cultura de la Junta de Andaluc\u00eda). Tambi\u00e9n cuentan con la colaboraci\u00f3n de la Sociedad General de Autores y Editores (SGAE) y la ayuda de Acceptus Eventos.<\/p>\n<p><strong><br \/>\nGANADORES PREMIOS ASECAN 2012 <\/strong> <\/p>\n<p>Premio ASECAN Largometraje andaluz<\/p>\n<p>La voz dormida (Benito Zambrano, para Maestranza Films)<\/p>\n<p>Basada en la novela hom\u00f3nima de la escritora extreme\u00f1a Dulce Chac\u00f3n, La voz dormida est\u00e1 ambientada en la posguerra espa\u00f1ola y cuenta la historia de Pepita, una joven cordobesa de origen rural que va a Madrid para estar cerca de su hermana Hortensia, que est\u00e1 embarazada y en prisi\u00f3n. Su director ha definido as\u00ed a la pel\u00edcula en varias ocasiones como \u201cun homenaje a las vencidas\u201d.<\/p>\n<p>Su buena acogida en el pasado Festival de San Sebasti\u00e1n culmin\u00f3 con el reconocimiento a Mar\u00eda Le\u00f3n (Pepita), que recibi\u00f3 la Concha de Plata de esta prestigiosa muestra. La voz dormida ha estado luego entre las tres candidatas preseleccionadas para representar a Espa\u00f1a en los Oscar y parte como una de las grandes favoritas para los premios Goya de este a\u00f1o.<\/p>\n<p>Premio ASECAN Direcci\u00f3n<\/p>\n<p>Benito Zambrano, por La voz dormida<\/p>\n<p>Nacido en Lebrija (Sevilla), en 1965, Benito Zambrano se form\u00f3 en el Instituto del Teatro de la capital andaluza y se gradu\u00f3 como guionista en la Escuela de Cine y TV de San Antonio de los Ba\u00f1os (Cuba).<\/p>\n<p>Tras dirigir varios cortos, su exitoso debut en el largometraje en 1999 con Solas (que obtuvo el premio del p\u00fablico en la Berlinale, cinco premios Goya y cuatro premios ASECAN) marc\u00f3 uno de los grandes hitos del cine andaluz reciente.<\/p>\n<p>Despu\u00e9s ha filmado Padre Coraje (2001), un reconocido y premiado trabajo para televisi\u00f3n, y el largometraje musical Habana Blues. Ahora, La voz dormida ha reafirmado una vez m\u00e1s su extraordinaria capacidad en la direcci\u00f3n de actores.<\/p>\n<p>Premio ASECAN Gui\u00f3n<\/p>\n<p>Manuel Mart\u00edn Cuenca, como co-autor del gui\u00f3n original de La mitad de \u00d3scar<\/p>\n<p>El almeriense Manuel Mart\u00edn Cuenca, nacido en 1964, firma el gui\u00f3n de La mitad de \u00d3scar (su tercer largo de ficci\u00f3n como director) en colaboraci\u00f3n con el cubano Alejandro Hern\u00e1ndez, con el que ya hab\u00eda cooperado en Malas temporadas (2005). <\/p>\n<p>El gui\u00f3n de La mitad de \u00d3scar afina con gran maestr\u00eda en la creaci\u00f3n de sus pocos personajes, y especialmente en la de sus dos protagonistas: \u00d3scar, un solitario guarda de seguridad que trabaja en las salinas de Almer\u00eda, y su hermana Mar\u00eda. Pero tambi\u00e9n es una pel\u00edcula pensada y escrita a partir de un espacio, de un paisaje bien conocido por su director y co-guionista: \u201cun territorio de gente dura, en la frontera, ba\u00f1ado por una apariencia de calma por su luz y por el mar\u201d, en palabras de Mart\u00edn Cuenca.  <\/p>\n<p>Premio ASECAN \u2018Anto\u00f1ita Colom\u00e9\u2019 Interpretaci\u00f3n femenina<\/p>\n<p>Inma Cuesta y Mar\u00eda Le\u00f3n, por La voz dormida<\/p>\n<p>Aunque naci\u00f3 en Valencia, en 1980, casi toda la vida de Inma Cuesta ha transcurrido en Andaluc\u00eda: en Arquillos (Ja\u00e9n), C\u00f3rdoba y Sevilla. Tras triunfar en el teatro (con el musical Hoy no me puedo levantar) y en la televisi\u00f3n (en las populares series Amar en tiempos revueltos y \u00c1guila roja), 2011 ha sido el a\u00f1o de su consagraci\u00f3n cinematogr\u00e1fica, gracias a sus papeles protagonistas en \u00c1guila roja: la pel\u00edcula, Primos y La voz dormida, donde interpreta de forma conmovedora a Hortensia, joven represaliada por el franquismo.<\/p>\n<p>Mar\u00eda Le\u00f3n (Sevilla, 1984) se form\u00f3 en la Escuela La Platea de Madrid y empez\u00f3 su carrera como actriz en el mundo de la televisi\u00f3n, con intervenciones en series como SMS, Una bala para el rey o Aida. Tras debutar en el cine con un peque\u00f1o papel en Fuga de cerebros (2009), su interpretaci\u00f3n de Pepita en La voz dormida le ha valido una merecid\u00edsima Concha de Plata en el Festival de San Sebasti\u00e1n.<\/p>\n<p>Premio ASECAN \u2018Anto\u00f1ita Colom\u00e9\u2019 Interpretaci\u00f3n masculina<br \/>\nAntonio de la Torre, por Balada triste de trompeta<\/p>\n<p>Nacido en M\u00e1laga, en 1968, Antonio de la Torre comenz\u00f3 como presentador deportivo en Canal Sur y luego ha ido desarrollando una larga carrera en el mundo de la interpretaci\u00f3n cinematogr\u00e1fica, a las \u00f3rdenes de directores como Emilio Mart\u00ednez L\u00e1zaro, Ic\u00edar Bolla\u00edn, Pedro Almod\u00f3var o \u00c1lex de la Iglesia.<\/p>\n<p>En 2007, gan\u00f3 un Goya por su papel en AzulOscuroCasiNegro, de Daniel S\u00e1nchez Ar\u00e9valo, realizador con el que volvi\u00f3 a trabajar en Gordos (pel\u00edcula por la que ya recibi\u00f3 el Premio ASECAN en 2010). Su personaje protagonista en Balada triste de trompeta, por el que tambi\u00e9n fue nominado a los Goya, le vale ahora un nuevo reconocimiento en los ASECAN, en un a\u00f1o en el que ha participado adem\u00e1s en Dispongo de barcos, Carne de ne\u00f3n, La mitad de \u00d3scar y Primos. <\/p>\n<p>Premio ASECAN \u2018Teo Escamilla\u2019 Contribuci\u00f3n t\u00e9cnico-art\u00edstica<\/p>\n<p>Tote Trenas, por la fotograf\u00eda de Ispansi (Espa\u00f1oles)<\/p>\n<p>Tras sus comienzos period\u00edsticos ligados a medios como TVE, Cuadernos para el di\u00e1logo o Pueblo, el malague\u00f1o Tote Trenas ha mantenido desde los a\u00f1os 70 hasta la actualidad una prol\u00edfica carrera como director de fotograf\u00eda en cine y televisi\u00f3n.<\/p>\n<p>En la peque\u00f1a pantalla, son muy destacables sus trabajos para series como Padre Coraje, Hospital Central o la popular\u00edsima Cu\u00e9ntame c\u00f3mo pas\u00f3, en la que lleva once temporadas recreando la atm\u00f3sfera, colores y texturas, de la Espa\u00f1a del tardofranquismo y la transici\u00f3n.<\/p>\n<p>En cine, es responsable de la imagen de unos cincuenta largometrajes, entre los que pueden destacarse Solas, Fugitivas, Miel para Osh\u00fan o Ispansi (Espa\u00f1oles), por la que recibe ahora el Premio ASECAN.   <\/p>\n<p>Premio ASECAN M\u00fasica original<\/p>\n<p>Julio de la Rosa, por Primos<\/p>\n<p>Julio de la Rosa (Jerez de la Frontera, 1972) se dio a conocer como cantante y guitarrista del grupo El Hombre Burbuja (de 1995 a 2002) y posteriormente ha desarrollado su carrera musical en solitario, aunque manteniendo en paralelo otros proyectos dentro de la m\u00fasica pop-rock.<\/p>\n<p>En cine, ha compuesto la banda sonora de numerosas pel\u00edculas, como por ejemplo Una palabra tuya (\u00c1ngeles Gonz\u00e1lez-Sinde), Carne de ne\u00f3n (Paco Cabezas) o After (Alberto Rodr\u00edguez). Por esta \u00faltima, ya estuvo nominado en los Premios ASECAN 2010, galard\u00f3n que ahora consigue por la m\u00fasica de Primos, su primera colaboraci\u00f3n con el director Daniel S\u00e1nchez Ar\u00e9valo. <\/p>\n<p>Premio ASECAN Difusi\u00f3n del Cine en Andaluc\u00eda <\/p>\n<p>Semana Internacional del Cortometraje de San Roque<\/p>\n<p>La localidad gaditana de San Roque acoge a esta muestra que, con 33 ediciones ininterrumpidas, es uno de los eventos cinematogr\u00e1ficos m\u00e1s veteranos de Andaluc\u00eda y uno de los festivales de cortometrajes m\u00e1s asentados a escala espa\u00f1ola. <\/p>\n<p>Tras el decisivo impulso inicial de su fundaci\u00f3n, en 1979, por parte de los integrantes del Cine Club Quimera, tom\u00f3 el relevo en su organizaci\u00f3n la Delegaci\u00f3n Municipal de Cultura del Ayuntamiento sanroque\u00f1o y, bajo la esmerada direcci\u00f3n de Esteban Gallego, la Semana Internacional del Cortometraje de San Roque se ha consolidado y proyecta cada a\u00f1o cerca de medio centenar de cortos nacionales e internacionales. Su 34\u00aa edici\u00f3n se celebrar\u00e1 del 13 al 17 de febrero de 2012.  <\/p>\n<p>Premio ASECAN Programa de Televisi\u00f3n<br \/>\n\u2018Al Sur\u2019, (Servicios informativos de Canal Sur, para RTVA)<\/p>\n<p>Creado por los Servicios Informativos de Radio Televisi\u00f3n de Andaluc\u00eda en 1995, \u2018Al Sur\u2019 se ha convertido en uno de los pilares fundamentales de la programaci\u00f3n cultural de la televisi\u00f3n auton\u00f3mica. <\/p>\n<p>En su larga trayectoria, han pasado por el programa muchos de los periodistas culturales m\u00e1s prestigiados de Andaluc\u00eda. En la actualidad, est\u00e1 dirigido por Mar\u00eda Luisa Chamorro y presentado por Angustias Garc\u00eda, a la cabeza de un amplio equipo de redactores y t\u00e9cnicos. <\/p>\n<p>\u2018Al Sur\u2019 ofrece un repaso semanal por la actividad cultural m\u00e1s destacada de la comunidad aut\u00f3noma andaluza, integrando reportajes y entrevistas, y siempre con la vocaci\u00f3n de dotar a la informaci\u00f3n de un talante divulgativo.   <\/p>\n<p>Premio ASECAN Labor informativa sobre Cine <\/p>\n<p>\u2018Cortocircuito\u2019 (producci\u00f3n televisiva de La Claqueta PC, para Giralda TV)<\/p>\n<p>La productora sevillana La Claqueta ha sido la responsable de este espacio semanal dedicado al mundo del cortometraje, que, con un sencillo formato de entrevistas en plat\u00f3, emisiones \u00edntegras de cortos y peque\u00f1os reportajes, ha sido un estupendo escaparate para lo m\u00e1s destacado que se ha hecho en los \u00faltimos a\u00f1os en Andaluc\u00eda en este tipo de producci\u00f3n.<\/p>\n<p>\u2018Cortocircuito\u2019 ha estado presentado por Sarah Witt, guionizado por Miguel \u00c1ngel Reina y Aleix Raya, realizado por Jes\u00fas Perujo y producido por Olmo Figueredo. Hasta que dej\u00f3 de emitirse el pasado verano en Giralda TV, televisi\u00f3n local de Sevilla, el programa ha emitido m\u00e1s de setenta cortometrajes andaluces y ha entrevistado a m\u00e1s de cien profesionales del sector audiovisual.<\/p>\n<p>Premio ASECAN Cortometraje <\/p>\n<p>Reflexiones de un picaporte (Carlos Crespo, para Azhar Media y MundoFicci\u00f3n)<\/p>\n<p>La originalidad en el punto de vista desde el que est\u00e1 contada la historia es una de las bazas con las que juega este estupendo cortometraje de las productoras sevillanas Azhar Media y MundoFicci\u00f3n: un picaporte policromado instalado en la puerta de un cuarto de ba\u00f1o contempla el mundo que le rodea y fantasea incluso con la idea de experimentar alg\u00fan d\u00eda el amor.<\/p>\n<p>Seleccionado en numerosos festivales nacionales e internacionales, Reflexiones de un picaporte cuenta con una cuidad\u00edsima factura visual y sonora, en la que tienen mucho que ver la excelente direcci\u00f3n art\u00edstica de Vanesa de la Haza, la fotograf\u00eda de Fran Fern\u00e1ndez Pardo (este \u00faltimo tambi\u00e9n nominado a los ASECAN por su trabajo en este corto) y el dise\u00f1o de sonido de Jos\u00e9 Tom\u00e9 (que da vida a los personajes mediante la selecci\u00f3n de voces y el tratamiento de las mismas, dot\u00e1ndolas de personalidad). <\/p>\n<p>Premio ASECAN Documental<br \/>\nLos amores dif\u00edciles (Lucina Gil, para Doxa Producciones)<\/p>\n<p>Lucina Gil (Sevilla, 1967), que gan\u00f3 un Goya en 2008 por su cortometraje documental El hombre feliz, se alza ahora con el Premio ASECAN con este trabajo de 52 minutos en el que se entrecruzan varias historias de amor \u201cdif\u00edcil\u201d. <\/p>\n<p>El pulso suave pero preciso del montaje y la emocionante naturalidad con la que la c\u00e1mara se acerca a estos protagonistas cotidianos de amores y desamores ins\u00f3litos le ha valido a esta pel\u00edcula para sobresalir en una categor\u00eda que este a\u00f1o ha presentado un gran nivel en la producci\u00f3n andaluza.<\/p>\n<p>Merece la pena rese\u00f1ar adem\u00e1s que el rodaje de Los amores dif\u00edciles sigui\u00f3 un proceso muy abierto, al plantearse como el seguimiento de historias personales que estaban en curso.<\/p>\n<p>Premio ASECAN Libro de Cine <\/p>\n<p>Los espa\u00f1oles del western (Juan Gabriel Garc\u00eda, en Ed. C\u00edrculo Rojo)<\/p>\n<p>Juan Gabriel Garc\u00eda (Almer\u00eda, 1979) plantea su libro Los espa\u00f1oles del western como un homenaje y una reivindicaci\u00f3n de los directores, los int\u00e9rpretes, los t\u00e9cnicos y los paisajes espa\u00f1oles vinculados con este g\u00e9nero tan cinematogr\u00e1fico y tan ligado adem\u00e1s a la geograf\u00eda almeriense. <\/p>\n<p>El autor, que a pesar de su juventud tiene una amplia experiencia como periodista, cr\u00edtico e investigador cinematogr\u00e1fico, recoge en este libro una serie de entrevistas con personajes de todos los \u00e1mbitos del cine, como por ejemplo los actores \u00c1lvaro de Luna y Pilar Vel\u00e1zquez, los directores Joaqu\u00edn Luis Romero Marchent y Eugenio Mart\u00edn y el productor Jos\u00e9 Frade.    <\/p>\n<p>Premio ASECAN Pel\u00edcula espa\u00f1ola (no andaluza)<\/p>\n<p>No habr\u00e1 paz para los malvados (Enrique Urbizu, para LaZona Films, Telecinco Cinema y Manto Films)<\/p>\n<p>El \u00e9xito de cr\u00edtica y p\u00fablico que ha cosechado No habr\u00e1 paz para los malvados, tras su estreno en el pasado Festival de San Sebasti\u00e1n y su paso por cartelera, se ve refrendado tambi\u00e9n ahora en los Premios del Cine Andaluz, donde va a recibir el galard\u00f3n en la categor\u00eda de Pel\u00edcula espa\u00f1ola (no andaluza).  <\/p>\n<p>Enrique Urbizu, director que ya ha demostrado unas grandes dotes para el thriller, sobre todo en La caja 507, incide una vez m\u00e1s en este g\u00e9nero con una historia estremecedora, protagonizada por su actor fetiche: Jos\u00e9 Coronado, en el que posiblemente es el papel de su vida, interpreta al inspector Santos Trinidad y es el alma de esta gran pel\u00edcula. <\/p>\n<p>Premio ASECAN Pel\u00edcula extranjera<br \/>\nNader y Simin, una separaci\u00f3n (Asghar Farhadi, para Asghar Farhadi Prod.) <\/p>\n<p>El largometraje iran\u00ed ganador, entre otros muchos premios, del \u00faltimo Oso de Oro en el prestigioso Festival de Berl\u00edn ha merecido tambi\u00e9n la distinci\u00f3n de ASECAN a la mejor Pel\u00edcula extranjera de 2011.<\/p>\n<p>Nader y Simin se sit\u00faa en un registro intermedio entre el melodrama familiar y el thriller para hacer un retrato sutil y nada t\u00f3pico de la sociedad iran\u00ed contempor\u00e1nea. Sus m\u00e9ritos son muchos, pero merece la pena destacar especialmente las soberbias interpretaciones de sus protagonistas: Peyman Maadi, Leila Hatami, Shahab Hosseini y Sareh Bayat.  <\/p>\n<p>Premio ASECAN de Honor, en reconocimiento a su carrera<\/p>\n<p>Carmen Sevilla, actriz<\/p>\n<p>Carmen Sevilla (Sevilla, 1930) es uno de los nombres fundamentales del cine espa\u00f1ol. Tras sus inicios como bailaora flamenca, debut\u00f3 en el cine en Serenata espa\u00f1ola (1947) y tuvo su primer papel protagonista en Jalisco canta en Sevilla (1949). Con los 50, llegar\u00eda su primera gran \u00e9poca de \u00e9xito, convirti\u00e9ndose en una de las actrices m\u00e1s solicitadas por el p\u00fablico, con pel\u00edculas como La hermana San Sulpicio (1952), La p\u00edcara molinera (1955) o La venganza (1957). \u00c9sta \u00faltima, dirigida por Juan A. Bardem, fue la primera pel\u00edcula espa\u00f1ola nominada al Oscar a Mejor Pel\u00edcula de habla no inglesa. Tambi\u00e9n trabaj\u00f3 en producciones internacionales como Rey de reyes (1961) oMarco Antonio y Cleopatra (1972). Luego, ya en los a\u00f1os 70, volvi\u00f3 a conseguir el apoyo del p\u00fablico y de la cr\u00edtica cuando se convirti\u00f3 en una de las protagonistas del nuevo cine espa\u00f1ol, marcado por la llegada de directores como Eloy de la Iglesia, con el que trabaj\u00f3 en El techo de cristal (1971), Julio Diamante (Sex o no sex, 1974) o Gonzalo Su\u00e1rez (La loba y la paloma, 1974), entre otros. En las \u00faltimas d\u00e9cadas, su enorme popularidad se ha mantenido, sobre todo por sus trabajos televisivos, en Canal Sur y en TVE, en programas como &#8216;Cine de Barrio&#8217;, que ha presentado desde 2003 a 2010.<\/p>\n<p>Premio ASECAN de Honor, en reconocimiento a su carrera<\/p>\n<p>Pancho Bautista, guionista y director<\/p>\n<p>Francisco \u00abPancho\u00bb Bautista (Benacaz\u00f3n, Sevilla, 1945) es sin duda uno de los precursores de lo que hoy se conoce como cine andaluz. Tras sus comienzos como cr\u00edtico en el diario Pueblo, fue uno de los fundadores de la primera productora con sede f\u00edsica en Andaluc\u00eda, Galgo Films. Con ella, firm\u00f3 el gui\u00f3n de Manuela (1975), primer largometraje de Gonzalo Garc\u00eda Pelayo y un t\u00edtulo emblem\u00e1tico de la cultura andaluza. Despu\u00e9s llegar\u00edan otros guiones, como los de La espuela y Mar\u00eda, la santa, dos trabajos rodados por el cubano Roberto Fandi\u00f1o. Y el salto a la direcci\u00f3n con Se acab\u00f3 el petr\u00f3leo (1980), uno de los mayores \u00e9xitos de taquilla de la historia del cine espa\u00f1ol. Este filme tendr\u00eda continuidad en Los alegres bribones, otro cl\u00e1sico de la comedia delirante de los 80, en donde volver\u00eda a trabajar con los humoristas Pepe da Rosa, Paco Gand\u00eda y Josele. Pancho Bautista tiene adem\u00e1s una amplia experiencia como productor ejecutivo, guionista de televisi\u00f3n y cortometrajista.<\/p>\n","protected":false},"excerpt":{"rendered":"Ma\u00f1ana s\u00e1bado, 4 de febrero, a las 12:30 horas, se celebra la fiesta del cine andaluz con la Entrega de los premios de \n<a class=\"moretag\" href=\"https:\/\/www.televisionalternativa.es\/000\/?p=1575\"> [...]<\/a>","protected":false},"author":14,"featured_media":1577,"comment_status":"closed","ping_status":"closed","sticky":false,"template":"","format":"standard","meta":{"footnotes":""},"categories":[3,63],"tags":[64,68,225],"class_list":["post-1575","post","type-post","status-publish","format-standard","has-post-thumbnail","hentry","category-blog","category-cine","tag-cine-2","tag-noticias","tag-premios"],"_links":{"self":[{"href":"https:\/\/www.televisionalternativa.es\/000\/index.php?rest_route=\/wp\/v2\/posts\/1575","targetHints":{"allow":["GET"]}}],"collection":[{"href":"https:\/\/www.televisionalternativa.es\/000\/index.php?rest_route=\/wp\/v2\/posts"}],"about":[{"href":"https:\/\/www.televisionalternativa.es\/000\/index.php?rest_route=\/wp\/v2\/types\/post"}],"author":[{"embeddable":true,"href":"https:\/\/www.televisionalternativa.es\/000\/index.php?rest_route=\/wp\/v2\/users\/14"}],"replies":[{"embeddable":true,"href":"https:\/\/www.televisionalternativa.es\/000\/index.php?rest_route=%2Fwp%2Fv2%2Fcomments&post=1575"}],"version-history":[{"count":4,"href":"https:\/\/www.televisionalternativa.es\/000\/index.php?rest_route=\/wp\/v2\/posts\/1575\/revisions"}],"predecessor-version":[{"id":1579,"href":"https:\/\/www.televisionalternativa.es\/000\/index.php?rest_route=\/wp\/v2\/posts\/1575\/revisions\/1579"}],"wp:featuredmedia":[{"embeddable":true,"href":"https:\/\/www.televisionalternativa.es\/000\/index.php?rest_route=\/wp\/v2\/media\/1577"}],"wp:attachment":[{"href":"https:\/\/www.televisionalternativa.es\/000\/index.php?rest_route=%2Fwp%2Fv2%2Fmedia&parent=1575"}],"wp:term":[{"taxonomy":"category","embeddable":true,"href":"https:\/\/www.televisionalternativa.es\/000\/index.php?rest_route=%2Fwp%2Fv2%2Fcategories&post=1575"},{"taxonomy":"post_tag","embeddable":true,"href":"https:\/\/www.televisionalternativa.es\/000\/index.php?rest_route=%2Fwp%2Fv2%2Ftags&post=1575"}],"curies":[{"name":"wp","href":"https:\/\/api.w.org\/{rel}","templated":true}]}}