{"id":1535,"date":"2012-02-01T22:24:29","date_gmt":"2012-02-01T22:24:29","guid":{"rendered":"http:\/\/www.televisionalternativa.es\/000\/?p=1535"},"modified":"2014-03-29T14:21:42","modified_gmt":"2014-03-29T14:21:42","slug":"tenemos-que-hablar-de-kevin-estreno-16-marzo","status":"publish","type":"post","link":"https:\/\/www.televisionalternativa.es\/000\/?p=1535","title":{"rendered":"TENEMOS QUE HABLAR DE KEVIN ESTRENO 16 MARZO"},"content":{"rendered":"<p>El pr\u00f3ximo 16 DE MARZO, V\u00e9rtigo Films estrena en Espa\u00f1a TENEMOS QUE HABLAR DE KEVIN, basada en la popular novela hom\u00f3nima escrita por Lionel Shriver ganadora del Premio Orange de Ficci\u00f3n.<\/p>\n<p>Dirigida por Lynne Ramsay, TENEMOS QUE HABLAR DE KEVIN ha sido tras su premiere mundial en el \u00faltimo Festival de Cannes una habitual de las secciones oficiales de otros prestigiosos cert\u00e1menes como Toronto o Telluride, as\u00ed como de las quinielas de la mayor\u00eda de los premios cinematogr\u00e1ficos m\u00e1s importantes, gracias sobre todo a la sobrecogedora interpretaci\u00f3n de la Ganadora del Oscar Tilda Swinton.<\/p>\n<p>Esta nueva demostraci\u00f3n de que se trata de una de las mejores actrices de la actualidad, le han valido nominaciones al Globo de Oro y los Bafta o los Premios a MEJOR ACTRIZ por parte de la Academia del Cine Europeo o los British Independent Film Awards.<\/p>\n<p>&nbsp;<\/p>\n<p>SINOPSIS :<\/p>\n<p>Eva pone a un lado sus ambiciones y su carrera profesional para dar a luz a Kevin. La relaci\u00f3n entre madre e hijo es complicada desde los primeros a\u00f1os. Cuando Kevin tiene 15 a\u00f1os hace algo irracional e imperdonable a los ojos de toda la comunidad. Eva lucha con sus propios sentimientos de dolor y responsabilidad. \u00bfAlguna vez lleg\u00f3 a amar realmente a su propio hijo? \u00bfDe cu\u00e1nto de lo que hizo Kevin fue culpable su madre?<\/p>\n","protected":false},"excerpt":{"rendered":"El pr\u00f3ximo 16 DE MARZO, V\u00e9rtigo Films estrena en Espa\u00f1a TENEMOS QUE HABLAR DE KEVIN, basada en la popular novela hom\u00f3nima escrita por \n<a class=\"moretag\" href=\"https:\/\/www.televisionalternativa.es\/000\/?p=1535\"> [...]<\/a>","protected":false},"author":14,"featured_media":1538,"comment_status":"closed","ping_status":"closed","sticky":false,"template":"","format":"standard","meta":{"footnotes":""},"categories":[3,63],"tags":[198,64,65],"class_list":["post-1535","post","type-post","status-publish","format-standard","has-post-thumbnail","hentry","category-blog","category-cine","tag-cartelera","tag-cine-2","tag-estrenos"],"_links":{"self":[{"href":"https:\/\/www.televisionalternativa.es\/000\/index.php?rest_route=\/wp\/v2\/posts\/1535","targetHints":{"allow":["GET"]}}],"collection":[{"href":"https:\/\/www.televisionalternativa.es\/000\/index.php?rest_route=\/wp\/v2\/posts"}],"about":[{"href":"https:\/\/www.televisionalternativa.es\/000\/index.php?rest_route=\/wp\/v2\/types\/post"}],"author":[{"embeddable":true,"href":"https:\/\/www.televisionalternativa.es\/000\/index.php?rest_route=\/wp\/v2\/users\/14"}],"replies":[{"embeddable":true,"href":"https:\/\/www.televisionalternativa.es\/000\/index.php?rest_route=%2Fwp%2Fv2%2Fcomments&post=1535"}],"version-history":[{"count":5,"href":"https:\/\/www.televisionalternativa.es\/000\/index.php?rest_route=\/wp\/v2\/posts\/1535\/revisions"}],"predecessor-version":[{"id":1540,"href":"https:\/\/www.televisionalternativa.es\/000\/index.php?rest_route=\/wp\/v2\/posts\/1535\/revisions\/1540"}],"wp:featuredmedia":[{"embeddable":true,"href":"https:\/\/www.televisionalternativa.es\/000\/index.php?rest_route=\/wp\/v2\/media\/1538"}],"wp:attachment":[{"href":"https:\/\/www.televisionalternativa.es\/000\/index.php?rest_route=%2Fwp%2Fv2%2Fmedia&parent=1535"}],"wp:term":[{"taxonomy":"category","embeddable":true,"href":"https:\/\/www.televisionalternativa.es\/000\/index.php?rest_route=%2Fwp%2Fv2%2Fcategories&post=1535"},{"taxonomy":"post_tag","embeddable":true,"href":"https:\/\/www.televisionalternativa.es\/000\/index.php?rest_route=%2Fwp%2Fv2%2Ftags&post=1535"}],"curies":[{"name":"wp","href":"https:\/\/api.w.org\/{rel}","templated":true}]}}